{"id":58840,"date":"2025-12-03T06:27:42","date_gmt":"2025-12-03T11:27:42","guid":{"rendered":"https:\/\/revistazetta.com\/?p=58840"},"modified":"2025-12-03T06:27:42","modified_gmt":"2025-12-03T11:27:42","slug":"angela-vergara-no-estara-en-el-tarjeton-a-camara","status":"publish","type":"post","link":"https:\/\/revistazetta.com\/?p=58840","title":{"rendered":"\u00c1ngela Vergara no estar\u00e1 en el tarjet\u00f3n a C\u00e1mara"},"content":{"rendered":"<p><strong>Cartagena de Indias, 3 de diciembre de 2025.-<\/strong> La dirigente conservadora \u00c1ngela Vergara no buscar\u00e1 la reelecci\u00f3n en el C\u00e1mara de Representantes, con lo que<span class=\"a_GcMg font-feature-liga-off font-feature-clig-off font-feature-calt-off text-decoration-none text-strikethrough-none\"> se despeja la \u201ccongesti\u00f3n\u201d en la lista conservadora, a pocos d\u00edas del cierre del periodo de inscripciones.<\/span><\/p>\n<p>Luego de una reuni\u00f3n con sus familiares y equipo pol\u00edtico, la actual congresista decidi\u00f3 dar un paso al costado, y emiti\u00f3 un comunicado donde se\u00f1ala que \u00ab<span class=\"a_GcMg font-feature-liga-off font-feature-clig-off font-feature-calt-off text-decoration-none text-strikethrough-none\">\u201cNuestro compromiso con el Partido Conservador y el pueblo de Bol\u00edvar sigue intacto\u201d.<\/span><\/p>\n<p>As\u00ed las cosas, se decanta la controvertida lista conservadora a C\u00e1mara, quedando as\u00ed:<\/p>\n<p>Por la reelecci\u00f3n van Juliana Aray y Andr\u00e9s Montes<\/p>\n<p>Por primera vez buscan curul: Mar\u00eda Camila Salas, Mar\u00eda Paula Caballero y Miguel Montes Curi<\/p>\n<p>Buscar\u00e1 volver a la C\u00e1mara, antes con el Partido de la U, ahora por el Conservador: Alonso del R\u00edo Cabarcas.<\/p>\n<p>Los dos representantes que no buscar\u00e1n la reelecci\u00f3n son \u00c1ngela Vergara y Fernando Ni\u00f1o Mendoza.<\/p>\n<p>Este es el comunicado de \u00c1ngela Vergara:<\/p>\n<p><img loading=\"lazy\" decoding=\"async\" class=\"alignnone wp-image-58843 size-full\" src=\"https:\/\/revistazetta.com\/wp-content\/uploads\/2025\/12\/Captura-de-pantalla-2025-12-03-a-las-6.15.33-a.-m.png\" alt=\"\" width=\"810\" height=\"984\" srcset=\"https:\/\/revistazetta.com\/wp-content\/uploads\/2025\/12\/Captura-de-pantalla-2025-12-03-a-las-6.15.33-a.-m.png 810w, https:\/\/revistazetta.com\/wp-content\/uploads\/2025\/12\/Captura-de-pantalla-2025-12-03-a-las-6.15.33-a.-m-274x333.png 274w, https:\/\/revistazetta.com\/wp-content\/uploads\/2025\/12\/Captura-de-pantalla-2025-12-03-a-las-6.15.33-a.-m-133x162.png 133w\" sizes=\"auto, (max-width: 810px) 100vw, 810px\" \/><\/p>\n","protected":false},"excerpt":{"rendered":"<p>Cartagena de Indias, 3 de diciembre de 2025.- La dirigente conservadora \u00c1ngela Vergara no buscar\u00e1 la reelecci\u00f3n en el C\u00e1mara de Representantes, con lo que se despeja la \u201ccongesti\u00f3n\u201d en la lista conservadora, a pocos d\u00edas del cierre del periodo de inscripciones. Luego de una reuni\u00f3n con sus familiares y equipo pol\u00edtico, la actual congresista decidi\u00f3 dar un paso al costado, y emiti\u00f3 un comunicado donde se\u00f1ala que \u00ab\u201cNuestro compromiso con el Partido Conservador y el pueblo de Bol\u00edvar sigue intacto\u201d. As\u00ed las cosas, se decanta la controvertida lista conservadora&#8230; <\/p>\n","protected":false},"author":3,"featured_media":58842,"comment_status":"closed","ping_status":"closed","sticky":false,"template":"","format":"standard","meta":{"footnotes":"","_links_to":"","_links_to_target":""},"categories":[1450,2375,4],"tags":[425,338,285,2451,454,298],"class_list":["post-58840","post","type-post","status-publish","format-standard","has-post-thumbnail","hentry","category-parasladers","category-elecciones-2026","category-politica","tag-angela-vergara","tag-camara-de-representantes","tag-destacada","tag-elecciones-2026","tag-partido-conservador","tag-politica"],"_links":{"self":[{"href":"https:\/\/revistazetta.com\/index.php?rest_route=\/wp\/v2\/posts\/58840","targetHints":{"allow":["GET"]}}],"collection":[{"href":"https:\/\/revistazetta.com\/index.php?rest_route=\/wp\/v2\/posts"}],"about":[{"href":"https:\/\/revistazetta.com\/index.php?rest_route=\/wp\/v2\/types\/post"}],"author":[{"embeddable":true,"href":"https:\/\/revistazetta.com\/index.php?rest_route=\/wp\/v2\/users\/3"}],"replies":[{"embeddable":true,"href":"https:\/\/revistazetta.com\/index.php?rest_route=%2Fwp%2Fv2%2Fcomments&post=58840"}],"version-history":[{"count":0,"href":"https:\/\/revistazetta.com\/index.php?rest_route=\/wp\/v2\/posts\/58840\/revisions"}],"wp:featuredmedia":[{"embeddable":true,"href":"https:\/\/revistazetta.com\/index.php?rest_route=\/wp\/v2\/media\/58842"}],"wp:attachment":[{"href":"https:\/\/revistazetta.com\/index.php?rest_route=%2Fwp%2Fv2%2Fmedia&parent=58840"}],"wp:term":[{"taxonomy":"category","embeddable":true,"href":"https:\/\/revistazetta.com\/index.php?rest_route=%2Fwp%2Fv2%2Fcategories&post=58840"},{"taxonomy":"post_tag","embeddable":true,"href":"https:\/\/revistazetta.com\/index.php?rest_route=%2Fwp%2Fv2%2Ftags&post=58840"}],"curies":[{"name":"wp","href":"https:\/\/api.w.org\/{rel}","templated":true}]}}