{"id":58908,"date":"2025-12-06T10:46:24","date_gmt":"2025-12-06T15:46:24","guid":{"rendered":"https:\/\/revistazetta.com\/?p=58908"},"modified":"2025-12-06T10:47:38","modified_gmt":"2025-12-06T15:47:38","slug":"liderazgo-femenino-asume-conduccion-de-la-asamblea-de-bolivar","status":"publish","type":"post","link":"https:\/\/revistazetta.com\/?p=58908","title":{"rendered":"Mayor\u00eda femenina asumi\u00f3 Mesa Directiva de la Asamblea de Bol\u00edvar"},"content":{"rendered":"<p><strong>Cartagena de Indias, 6 de diciembre de 2025.-<\/strong> La Asamblea Departamental de Bol\u00edvar tendr\u00e1 en 2026 una direcci\u00f3n conformada en su mayor\u00eda por mujeres.<\/p>\n<p>La nueva Mesa qued\u00f3 conformada por Sof\u00eda Ricardo, del Partido ASI, como Presidenta; Viviana Villalobos Cantillo, de Cambio Radical, como Primera Vicepresidenta; y Zaith Adechine, del Partido Salvaci\u00f3n Nacional, como Segundo Vicepresidente.<\/p>\n<p>\u00abSeguimos comprometidos con Bol\u00edvar\u00bb, dijo la nueva presidente Sof\u00eda Ricardo Villadiego.<\/p>\n<div class=\"html-div x14z9mp x1lziwak xexx8yu xyri2b x18d9i69 x1c1uobl x9f619 xjbqb8w x78zum5 x15mokao x1ga7v0g x16uus16 xbiv7yw x1xmf6yo x12nagc x1n2onr6 x1plvlek xryxfnj x1c4vz4f x2lah0s xdt5ytf xqjyukv x1qjc9v5 x1oa3qoh x1nhvcw1\">La diputada Viviana Villalobos, segunda vicepresidenta, agradeci\u00f3 la designaci\u00f3n un\u00e1nime y asegur\u00f3 que asume este nuevo reto \u201ccon humildad, responsabilidad y profundo amor por Bol\u00edvar\u201d. Destac\u00f3 que el respaldo de sus colegas fortalece su compromiso con la transparencia, la modernizaci\u00f3n institucional y el ejercicio de un control pol\u00edtico serio y oportuno.<\/div>\n<p>Villalobos subray\u00f3 adem\u00e1s la importancia del liderazgo femenino dentro de la corporaci\u00f3n, resaltando que esta Mesa Directiva refleja la diversidad y capacidad de las mujeres bolivarenses en los espacios de decisi\u00f3n. \u201cBol\u00edvar necesita consensos reales, trabajo articulado y la convicci\u00f3n de que cada acci\u00f3n puede transformar positivamente la vida de nuestras comunidades\u201d, afirm\u00f3.<\/p>\n<p>Con esta posesi\u00f3n, la Mesa Directiva inicia formalmente su labor para el 2026, enfocada en trabajar por el desarrollo integral del departamento. Villalobos reiter\u00f3 que continuar\u00e1 defendiendo las causas que unen y fortalecen a Bol\u00edvar, con una gesti\u00f3n cercana, \u00e9tica y orientada a resultados.<\/p>\n<p><img loading=\"lazy\" decoding=\"async\" class=\"alignnone size-medium wp-image-58913\" src=\"https:\/\/revistazetta.com\/wp-content\/uploads\/2025\/12\/SaveClip.App_588967614_18372257422080442_1050274454106515762_n-498x333.jpg\" alt=\"\" width=\"498\" height=\"333\" srcset=\"https:\/\/revistazetta.com\/wp-content\/uploads\/2025\/12\/SaveClip.App_588967614_18372257422080442_1050274454106515762_n-498x333.jpg 498w, https:\/\/revistazetta.com\/wp-content\/uploads\/2025\/12\/SaveClip.App_588967614_18372257422080442_1050274454106515762_n-1024x685.jpg 1024w, https:\/\/revistazetta.com\/wp-content\/uploads\/2025\/12\/SaveClip.App_588967614_18372257422080442_1050274454106515762_n-242x162.jpg 242w, https:\/\/revistazetta.com\/wp-content\/uploads\/2025\/12\/SaveClip.App_588967614_18372257422080442_1050274454106515762_n.jpg 1080w\" sizes=\"auto, (max-width: 498px) 100vw, 498px\" \/><\/p>\n<p><img loading=\"lazy\" decoding=\"async\" class=\"alignnone size-medium wp-image-58915\" src=\"https:\/\/revistazetta.com\/wp-content\/uploads\/2025\/12\/WhatsApp-Image-2025-12-06-at-09.26.16-1-500x333.jpeg\" alt=\"\" width=\"500\" height=\"333\" srcset=\"https:\/\/revistazetta.com\/wp-content\/uploads\/2025\/12\/WhatsApp-Image-2025-12-06-at-09.26.16-1-500x333.jpeg 500w, https:\/\/revistazetta.com\/wp-content\/uploads\/2025\/12\/WhatsApp-Image-2025-12-06-at-09.26.16-1-1024x683.jpeg 1024w, https:\/\/revistazetta.com\/wp-content\/uploads\/2025\/12\/WhatsApp-Image-2025-12-06-at-09.26.16-1-243x162.jpeg 243w, https:\/\/revistazetta.com\/wp-content\/uploads\/2025\/12\/WhatsApp-Image-2025-12-06-at-09.26.16-1-1536x1024.jpeg 1536w, https:\/\/revistazetta.com\/wp-content\/uploads\/2025\/12\/WhatsApp-Image-2025-12-06-at-09.26.16-1-2048x1365.jpeg 2048w\" sizes=\"auto, (max-width: 500px) 100vw, 500px\" \/><\/p>\n<p><img loading=\"lazy\" decoding=\"async\" class=\"alignnone size-medium wp-image-58912\" src=\"https:\/\/revistazetta.com\/wp-content\/uploads\/2025\/12\/SaveClip.App_588569616_18372257332080442_5766249132626038175_n-498x333.jpg\" alt=\"\" width=\"498\" height=\"333\" srcset=\"https:\/\/revistazetta.com\/wp-content\/uploads\/2025\/12\/SaveClip.App_588569616_18372257332080442_5766249132626038175_n-498x333.jpg 498w, https:\/\/revistazetta.com\/wp-content\/uploads\/2025\/12\/SaveClip.App_588569616_18372257332080442_5766249132626038175_n-242x162.jpg 242w, https:\/\/revistazetta.com\/wp-content\/uploads\/2025\/12\/SaveClip.App_588569616_18372257332080442_5766249132626038175_n.jpg 855w\" sizes=\"auto, (max-width: 498px) 100vw, 498px\" \/><\/p>\n<p><img loading=\"lazy\" decoding=\"async\" class=\"alignnone size-medium wp-image-58910\" src=\"https:\/\/revistazetta.com\/wp-content\/uploads\/2025\/12\/SaveClip.App_588502035_18372257281080442_5941868253944971258_n-500x333.jpg\" alt=\"\" width=\"500\" height=\"333\" srcset=\"https:\/\/revistazetta.com\/wp-content\/uploads\/2025\/12\/SaveClip.App_588502035_18372257281080442_5941868253944971258_n-500x333.jpg 500w, https:\/\/revistazetta.com\/wp-content\/uploads\/2025\/12\/SaveClip.App_588502035_18372257281080442_5941868253944971258_n-1024x683.jpg 1024w, https:\/\/revistazetta.com\/wp-content\/uploads\/2025\/12\/SaveClip.App_588502035_18372257281080442_5941868253944971258_n-243x162.jpg 243w, https:\/\/revistazetta.com\/wp-content\/uploads\/2025\/12\/SaveClip.App_588502035_18372257281080442_5941868253944971258_n.jpg 1080w\" sizes=\"auto, (max-width: 500px) 100vw, 500px\" \/> \u00a0\u00a0\u00a0<img loading=\"lazy\" decoding=\"async\" class=\"alignnone size-medium wp-image-58914\" src=\"https:\/\/revistazetta.com\/wp-content\/uploads\/2025\/12\/SaveClip.App_589955006_18113341204593245_3972627366985456710_n-500x281.jpg\" alt=\"\" width=\"500\" height=\"281\" srcset=\"https:\/\/revistazetta.com\/wp-content\/uploads\/2025\/12\/SaveClip.App_589955006_18113341204593245_3972627366985456710_n-500x281.jpg 500w, https:\/\/revistazetta.com\/wp-content\/uploads\/2025\/12\/SaveClip.App_589955006_18113341204593245_3972627366985456710_n-1024x576.jpg 1024w, https:\/\/revistazetta.com\/wp-content\/uploads\/2025\/12\/SaveClip.App_589955006_18113341204593245_3972627366985456710_n-250x141.jpg 250w, https:\/\/revistazetta.com\/wp-content\/uploads\/2025\/12\/SaveClip.App_589955006_18113341204593245_3972627366985456710_n.jpg 1080w\" sizes=\"auto, (max-width: 500px) 100vw, 500px\" \/><\/p>\n","protected":false},"excerpt":{"rendered":"<p>Cartagena de Indias, 6 de diciembre de 2025.- La Asamblea Departamental de Bol\u00edvar tendr\u00e1 en 2026 una direcci\u00f3n conformada en su mayor\u00eda por mujeres. La nueva Mesa qued\u00f3 conformada por Sof\u00eda Ricardo, del Partido ASI, como Presidenta; Viviana Villalobos Cantillo, de Cambio Radical, como Primera Vicepresidenta; y Zaith Adechine, del Partido Salvaci\u00f3n Nacional, como Segundo Vicepresidente. \u00abSeguimos comprometidos con Bol\u00edvar\u00bb, dijo la nueva presidente Sof\u00eda Ricardo Villadiego. La diputada Viviana Villalobos, segunda vicepresidenta, agradeci\u00f3 la designaci\u00f3n un\u00e1nime y asegur\u00f3 que asume este nuevo reto \u201ccon humildad, responsabilidad y profundo amor&#8230; <\/p>\n","protected":false},"author":3,"featured_media":58909,"comment_status":"closed","ping_status":"closed","sticky":false,"template":"","format":"standard","meta":{"footnotes":"","_links_to":"","_links_to_target":""},"categories":[28,1450,4],"tags":[322,285,2604,298,1464,619,172],"class_list":["post-58908","post","type-post","status-publish","format-standard","has-post-thumbnail","hentry","category-politica-asamblea","category-parasladers","category-politica","tag-asamblea","tag-destacada","tag-mesa-directiva-2026","tag-politica","tag-sofia-ricardo","tag-viviana-villalobos","tag-zaith-adechine"],"_links":{"self":[{"href":"https:\/\/revistazetta.com\/index.php?rest_route=\/wp\/v2\/posts\/58908","targetHints":{"allow":["GET"]}}],"collection":[{"href":"https:\/\/revistazetta.com\/index.php?rest_route=\/wp\/v2\/posts"}],"about":[{"href":"https:\/\/revistazetta.com\/index.php?rest_route=\/wp\/v2\/types\/post"}],"author":[{"embeddable":true,"href":"https:\/\/revistazetta.com\/index.php?rest_route=\/wp\/v2\/users\/3"}],"replies":[{"embeddable":true,"href":"https:\/\/revistazetta.com\/index.php?rest_route=%2Fwp%2Fv2%2Fcomments&post=58908"}],"version-history":[{"count":0,"href":"https:\/\/revistazetta.com\/index.php?rest_route=\/wp\/v2\/posts\/58908\/revisions"}],"wp:featuredmedia":[{"embeddable":true,"href":"https:\/\/revistazetta.com\/index.php?rest_route=\/wp\/v2\/media\/58909"}],"wp:attachment":[{"href":"https:\/\/revistazetta.com\/index.php?rest_route=%2Fwp%2Fv2%2Fmedia&parent=58908"}],"wp:term":[{"taxonomy":"category","embeddable":true,"href":"https:\/\/revistazetta.com\/index.php?rest_route=%2Fwp%2Fv2%2Fcategories&post=58908"},{"taxonomy":"post_tag","embeddable":true,"href":"https:\/\/revistazetta.com\/index.php?rest_route=%2Fwp%2Fv2%2Ftags&post=58908"}],"curies":[{"name":"wp","href":"https:\/\/api.w.org\/{rel}","templated":true}]}}