{"id":58994,"date":"2025-12-19T14:38:20","date_gmt":"2025-12-19T19:38:20","guid":{"rendered":"https:\/\/revistazetta.com\/?p=58994"},"modified":"2025-12-19T14:38:20","modified_gmt":"2025-12-19T19:38:20","slug":"la-ciudad-escolar-comfenalco-proclama-a-la-cuadragesima-sexta-promocion-de-bachilleres-academicos-promocion-2025","status":"publish","type":"post","link":"https:\/\/revistazetta.com\/?p=58994","title":{"rendered":"La Ciudad Escolar Comfenalco proclama a la Cuadrag\u00e9sima Sexta Promoci\u00f3n de Bachilleres Acad\u00e9micos \u2013 Promoci\u00f3n 2025"},"content":{"rendered":"<p><b>Cartagena de Indias, 19 de diciembre de 2025.-\u00a0<\/b><b><\/b>La Ciudad Escolar Comfenalco celebr\u00f3 la Ceremonia de Proclamaci\u00f3n de la Cuadrag\u00e9sima Sexta (XLVI) Promoci\u00f3n de Bachilleres Acad\u00e9micos, un acto solemne que reuni\u00f3 a directivos, docentes, familias y estudiantes para conmemorar la culminaci\u00f3n de una etapa fundamental en la vida acad\u00e9mica y personal de 133 j\u00f3venes.<\/p>\n<p>El evento cont\u00f3 con la presencia del doctor <b>Ricardo Senior Torres<\/b>, subdirector de Educaci\u00f3n de Comfenalco Cartagena; la doctora <b>Zaida Luc\u00eda Acevedo Prada<\/b>, jefe del Departamento de Educaci\u00f3n Formal y rectora de la Ciudad Escolar Comfenalco; <b>Clara Isabel Montoya S\u00e1nchez<\/b>, secretaria acad\u00e9mica; <b>Hern\u00e1n Ag\u00e1mez Quintero<\/b>, coordinador de B\u00e1sica Secundaria y Media Acad\u00e9mica; as\u00ed como del equipo de docentes y funcionarios que acompa\u00f1aron de manera permanente el proceso formativo de esta promoci\u00f3n.<\/p>\n<p><img loading=\"lazy\" decoding=\"async\" class=\"alignnone size-medium wp-image-59000\" src=\"https:\/\/revistazetta.com\/wp-content\/uploads\/2025\/12\/DSC02110-500x333.jpg\" alt=\"\" width=\"500\" height=\"333\" srcset=\"https:\/\/revistazetta.com\/wp-content\/uploads\/2025\/12\/DSC02110-500x333.jpg 500w, https:\/\/revistazetta.com\/wp-content\/uploads\/2025\/12\/DSC02110-1024x683.jpg 1024w, https:\/\/revistazetta.com\/wp-content\/uploads\/2025\/12\/DSC02110-243x162.jpg 243w, https:\/\/revistazetta.com\/wp-content\/uploads\/2025\/12\/DSC02110-1536x1024.jpg 1536w, https:\/\/revistazetta.com\/wp-content\/uploads\/2025\/12\/DSC02110-2048x1365.jpg 2048w\" sizes=\"auto, (max-width: 500px) 100vw, 500px\" \/><\/p>\n<p>Durante su intervenci\u00f3n, la rectora destac\u00f3 el recorrido de los graduandos a trav\u00e9s de la met\u00e1fora del r\u00edo que avanza hacia el mar, resaltando que crecer implica dejar atr\u00e1s lo conocido para asumir nuevos retos, con la certeza de contar con una formaci\u00f3n s\u00f3lida, valores firmes y un origen que los respalda. Asimismo, exalt\u00f3 el papel fundamental de las familias, los docentes y de la Caja de Compensaci\u00f3n Familiar Comfenalco Cartagena como pilares del proceso educativo.<\/p>\n<p><img loading=\"lazy\" decoding=\"async\" class=\"alignnone size-medium wp-image-58996\" src=\"https:\/\/revistazetta.com\/wp-content\/uploads\/2025\/12\/DSC02008-500x333.jpg\" alt=\"\" width=\"500\" height=\"333\" srcset=\"https:\/\/revistazetta.com\/wp-content\/uploads\/2025\/12\/DSC02008-500x333.jpg 500w, https:\/\/revistazetta.com\/wp-content\/uploads\/2025\/12\/DSC02008-1024x683.jpg 1024w, https:\/\/revistazetta.com\/wp-content\/uploads\/2025\/12\/DSC02008-243x162.jpg 243w, https:\/\/revistazetta.com\/wp-content\/uploads\/2025\/12\/DSC02008-1536x1024.jpg 1536w, https:\/\/revistazetta.com\/wp-content\/uploads\/2025\/12\/DSC02008-2048x1365.jpg 2048w\" sizes=\"auto, (max-width: 500px) 100vw, 500px\" \/><\/p>\n<p><b>Una promoci\u00f3n que hace historia<\/b><b><\/b><\/p>\n<p>La promoci\u00f3n 2025 dej\u00f3 una huella significativa en la historia institucional al alcanzar el <b>puntaje global m\u00e1s alto en la historia de la Ciudad Escolar Comfenalco en la Prueba Saber 11<\/b>, reafirmando el compromiso con la excelencia acad\u00e9mica y la formaci\u00f3n integral.<\/p>\n<p>Entre los principales resultados se destacan:<\/p>\n<p><b>Resultados Prueba Saber 11 \u2013 2025<\/b><b><\/b><\/p>\n<ul>\n<li>7 estudiantes con puntajes superiores a 400 sobre 500.<\/li>\n<li>18 puntajes perfectos (100\/100) en Matem\u00e1ticas, Ingl\u00e9s, Lectura Cr\u00edtica y Ciencias Sociales.<\/li>\n<li>Puesto 88 a nivel nacional por \u00e1reas entre 11.920 instituciones educativas.<\/li>\n<li>Escalamiento de 182 posiciones en el ranking nacional por \u00edndice general.<\/li>\n<\/ul>\n<p><img loading=\"lazy\" decoding=\"async\" class=\"alignnone size-medium wp-image-58997\" src=\"https:\/\/revistazetta.com\/wp-content\/uploads\/2025\/12\/DSC02034-500x333.jpg\" alt=\"\" width=\"500\" height=\"333\" srcset=\"https:\/\/revistazetta.com\/wp-content\/uploads\/2025\/12\/DSC02034-500x333.jpg 500w, https:\/\/revistazetta.com\/wp-content\/uploads\/2025\/12\/DSC02034-1024x683.jpg 1024w, https:\/\/revistazetta.com\/wp-content\/uploads\/2025\/12\/DSC02034-243x162.jpg 243w, https:\/\/revistazetta.com\/wp-content\/uploads\/2025\/12\/DSC02034-1536x1024.jpg 1536w, https:\/\/revistazetta.com\/wp-content\/uploads\/2025\/12\/DSC02034-2048x1365.jpg 2048w\" sizes=\"auto, (max-width: 500px) 100vw, 500px\" \/><\/p>\n<p><b>Reconocimientos acad\u00e9micos<\/b><b><\/b><\/p>\n<ul>\n<li>Top 5 en las Olimpiadas Matem\u00e1ticas de la Universidad Tecnol\u00f3gica de Bol\u00edvar.<\/li>\n<li>Segundo lugar en las Olimpiadas Viva la Ciencia de la Universidad de Cartagena.<\/li>\n<\/ul>\n<p><b>Logros deportivos<\/b><b><\/b><\/p>\n<ul>\n<li>Medallas de oro y plata en nataci\u00f3n.<\/li>\n<li>Medalla de plata en atletismo.<\/li>\n<li>Medallas de bronce en ajedrez y b\u00e1dminton, en los Juegos Intercolegiados Distritales 2025.<\/li>\n<\/ul>\n<p><img loading=\"lazy\" decoding=\"async\" class=\"alignnone size-medium wp-image-58998\" src=\"https:\/\/revistazetta.com\/wp-content\/uploads\/2025\/12\/DSC02053-500x333.jpg\" alt=\"\" width=\"500\" height=\"333\" srcset=\"https:\/\/revistazetta.com\/wp-content\/uploads\/2025\/12\/DSC02053-500x333.jpg 500w, https:\/\/revistazetta.com\/wp-content\/uploads\/2025\/12\/DSC02053-1024x683.jpg 1024w, https:\/\/revistazetta.com\/wp-content\/uploads\/2025\/12\/DSC02053-243x162.jpg 243w, https:\/\/revistazetta.com\/wp-content\/uploads\/2025\/12\/DSC02053-1536x1024.jpg 1536w, https:\/\/revistazetta.com\/wp-content\/uploads\/2025\/12\/DSC02053-2048x1365.jpg 2048w\" sizes=\"auto, (max-width: 500px) 100vw, 500px\" \/><\/p>\n<p><b>Acceso a la educaci\u00f3n superior<\/b><b><\/b><\/p>\n<p>El 80 % de los estudiantes de la promoci\u00f3n ya fue admitido en universidades p\u00fablicas y privadas del pa\u00eds y del exterior, mientras que el 20 % obtuvo becas parciales o totales, reflejo de su alto desempe\u00f1o acad\u00e9mico.<\/p>\n<p>Los graduandos tienen presencia en instituciones como la Universidad de Cartagena, Universidad del Norte, Universidad de los Andes, Universidad Nacional de Colombia, Universidad de Antioquia, Universidad EAFIT y la Northwestern State University of Louisiana (Estados Unidos), entre otras.<\/p>\n<p><img loading=\"lazy\" decoding=\"async\" class=\"alignnone size-medium wp-image-59001\" src=\"https:\/\/revistazetta.com\/wp-content\/uploads\/2025\/12\/DSC02151-500x333.jpg\" alt=\"\" width=\"500\" height=\"333\" srcset=\"https:\/\/revistazetta.com\/wp-content\/uploads\/2025\/12\/DSC02151-500x333.jpg 500w, https:\/\/revistazetta.com\/wp-content\/uploads\/2025\/12\/DSC02151-1024x683.jpg 1024w, https:\/\/revistazetta.com\/wp-content\/uploads\/2025\/12\/DSC02151-243x162.jpg 243w, https:\/\/revistazetta.com\/wp-content\/uploads\/2025\/12\/DSC02151-1536x1024.jpg 1536w, https:\/\/revistazetta.com\/wp-content\/uploads\/2025\/12\/DSC02151-2048x1365.jpg 2048w\" sizes=\"auto, (max-width: 500px) 100vw, 500px\" \/><\/p>\n<p><b>Reconocimientos institucionales<\/b><b><\/b><\/p>\n<p>Durante la ceremonia se otorgaron las <b>Garitas Doradas<\/b>, m\u00e1ximo reconocimiento institucional, a los estudiantes que se destacaron por su desempe\u00f1o acad\u00e9mico y formativo.<\/p>\n<ul>\n<li><b>Garita Dorada Perfil Comfenalquista 2025:<br \/>\n<\/b><span class=\"Apple-converted-space\">\u00a0<\/span><i>Wenli Wu Wu<\/i> (11A), por su trayectoria acad\u00e9mica sobresaliente, liderazgo institucional, excelencia en ciencias exactas, participaci\u00f3n cultural y deportiva, as\u00ed como por obtener puntaje perfecto en Matem\u00e1ticas y un resultado global de 415\/500 en la Prueba Saber 11.<\/li>\n<li><b>Garita Dorada Mayor Puntaje Prueba Saber 11 \u2013 2025:<br \/>\n<\/b><span class=\"Apple-converted-space\">\u00a0<\/span><i>Marisa Z\u00fa\u00f1iga P\u00e9rez<\/i> (11A), con un puntaje global de 436\/500 y dos puntajes perfectos en Lectura Cr\u00edtica e Ingl\u00e9s.<\/li>\n<\/ul>\n<p>Asimismo, se reconoci\u00f3 a <i>\u00c1ngel David Guzm\u00e1n Pi\u00f1a<\/i> (11A) y <i>Leonardo Fabio Romero Fegali<\/i> (11B) por obtener el segundo y tercer mejor puntaje institucional en la Prueba Saber 11.<\/p>\n<p><img loading=\"lazy\" decoding=\"async\" class=\"alignnone size-medium wp-image-59004\" src=\"https:\/\/revistazetta.com\/wp-content\/uploads\/2025\/12\/DSC02249-500x333.jpg\" alt=\"\" width=\"500\" height=\"333\" srcset=\"https:\/\/revistazetta.com\/wp-content\/uploads\/2025\/12\/DSC02249-500x333.jpg 500w, https:\/\/revistazetta.com\/wp-content\/uploads\/2025\/12\/DSC02249-1024x683.jpg 1024w, https:\/\/revistazetta.com\/wp-content\/uploads\/2025\/12\/DSC02249-243x162.jpg 243w, https:\/\/revistazetta.com\/wp-content\/uploads\/2025\/12\/DSC02249-1536x1024.jpg 1536w, https:\/\/revistazetta.com\/wp-content\/uploads\/2025\/12\/DSC02249-2048x1365.jpg 2048w\" sizes=\"auto, (max-width: 500px) 100vw, 500px\" \/><\/p>\n<p><b>Una formaci\u00f3n integral y compromiso con el futuro<\/b><b><\/b><\/p>\n<p>La ceremonia cont\u00f3 con la participaci\u00f3n de la Orquesta C\u00e1mara de la Escuela de Artes de Comfenalco, evidenciando la apuesta institucional por una educaci\u00f3n integral que articula lo acad\u00e9mico, lo art\u00edstico, lo deportivo y lo humano.<\/p>\n<p>Cada uno de los grupos de grado und\u00e9cimo (11A, 11B, 11C y 11D) fue exaltado a trav\u00e9s de perfiles que resaltaron su identidad, valores, resiliencia y crecimiento colectivo, reflejando la diversidad y riqueza humana de esta promoci\u00f3n.<\/p>\n<p><img loading=\"lazy\" decoding=\"async\" class=\"alignnone size-medium wp-image-59003\" src=\"https:\/\/revistazetta.com\/wp-content\/uploads\/2025\/12\/DSC02186-500x333.jpg\" alt=\"\" width=\"500\" height=\"333\" srcset=\"https:\/\/revistazetta.com\/wp-content\/uploads\/2025\/12\/DSC02186-500x333.jpg 500w, https:\/\/revistazetta.com\/wp-content\/uploads\/2025\/12\/DSC02186-1024x683.jpg 1024w, https:\/\/revistazetta.com\/wp-content\/uploads\/2025\/12\/DSC02186-243x162.jpg 243w, https:\/\/revistazetta.com\/wp-content\/uploads\/2025\/12\/DSC02186-1536x1024.jpg 1536w, https:\/\/revistazetta.com\/wp-content\/uploads\/2025\/12\/DSC02186-2048x1365.jpg 2048w\" sizes=\"auto, (max-width: 500px) 100vw, 500px\" \/><\/p>\n<p>Con la toma de juramento, los estudiantes asumieron un compromiso de honor con Colombia, con sus familias y con la Ciudad Escolar Comfenalco, marcando el cierre de un ciclo y el inicio de una nueva etapa.<\/p>\n<p>La Ciudad Escolar Comfenalco despide as\u00ed a una promoci\u00f3n que no solo alcanz\u00f3 logros acad\u00e9micos hist\u00f3ricos, sino que demostr\u00f3 car\u00e1cter, sensibilidad social y vocaci\u00f3n de liderazgo.<\/p>\n<p><img loading=\"lazy\" decoding=\"async\" class=\"alignnone size-medium wp-image-59005\" src=\"https:\/\/revistazetta.com\/wp-content\/uploads\/2025\/12\/DSC02278-500x333.jpg\" alt=\"\" width=\"500\" height=\"333\" srcset=\"https:\/\/revistazetta.com\/wp-content\/uploads\/2025\/12\/DSC02278-500x333.jpg 500w, https:\/\/revistazetta.com\/wp-content\/uploads\/2025\/12\/DSC02278-1024x683.jpg 1024w, https:\/\/revistazetta.com\/wp-content\/uploads\/2025\/12\/DSC02278-243x162.jpg 243w, https:\/\/revistazetta.com\/wp-content\/uploads\/2025\/12\/DSC02278-1536x1024.jpg 1536w, https:\/\/revistazetta.com\/wp-content\/uploads\/2025\/12\/DSC02278-2048x1365.jpg 2048w\" sizes=\"auto, (max-width: 500px) 100vw, 500px\" \/> <img loading=\"lazy\" decoding=\"async\" class=\"alignnone size-medium wp-image-59006\" src=\"https:\/\/revistazetta.com\/wp-content\/uploads\/2025\/12\/DSC03187-500x333.jpg\" alt=\"\" width=\"500\" height=\"333\" srcset=\"https:\/\/revistazetta.com\/wp-content\/uploads\/2025\/12\/DSC03187-500x333.jpg 500w, https:\/\/revistazetta.com\/wp-content\/uploads\/2025\/12\/DSC03187-1024x683.jpg 1024w, https:\/\/revistazetta.com\/wp-content\/uploads\/2025\/12\/DSC03187-243x162.jpg 243w, https:\/\/revistazetta.com\/wp-content\/uploads\/2025\/12\/DSC03187-1536x1024.jpg 1536w, https:\/\/revistazetta.com\/wp-content\/uploads\/2025\/12\/DSC03187-2048x1365.jpg 2048w\" sizes=\"auto, (max-width: 500px) 100vw, 500px\" \/><\/p>\n","protected":false},"excerpt":{"rendered":"<p>Cartagena de Indias, 19 de diciembre de 2025.-\u00a0La Ciudad Escolar Comfenalco celebr\u00f3 la Ceremonia de Proclamaci\u00f3n de la Cuadrag\u00e9sima Sexta (XLVI) Promoci\u00f3n de Bachilleres Acad\u00e9micos, un acto solemne que reuni\u00f3 a directivos, docentes, familias y estudiantes para conmemorar la culminaci\u00f3n de una etapa fundamental en la vida acad\u00e9mica y personal de 133 j\u00f3venes. El evento cont\u00f3 con la presencia del doctor Ricardo Senior Torres, subdirector de Educaci\u00f3n de Comfenalco Cartagena; la doctora Zaida Luc\u00eda Acevedo Prada, jefe del Departamento de Educaci\u00f3n Formal y rectora de la Ciudad Escolar Comfenalco; Clara&#8230; <\/p>\n","protected":false},"author":3,"featured_media":58995,"comment_status":"closed","ping_status":"closed","sticky":false,"template":"","format":"standard","meta":{"footnotes":"","_links_to":"","_links_to_target":""},"categories":[3,1450,2077],"tags":[292,2547,285,378],"class_list":["post-58994","post","type-post","status-publish","format-standard","has-post-thumbnail","hentry","category-ciudad","category-parasladers","category-educacion","tag-ciudad","tag-ciudadela-escolar-comfenalco","tag-destacada","tag-educacion"],"_links":{"self":[{"href":"https:\/\/revistazetta.com\/index.php?rest_route=\/wp\/v2\/posts\/58994","targetHints":{"allow":["GET"]}}],"collection":[{"href":"https:\/\/revistazetta.com\/index.php?rest_route=\/wp\/v2\/posts"}],"about":[{"href":"https:\/\/revistazetta.com\/index.php?rest_route=\/wp\/v2\/types\/post"}],"author":[{"embeddable":true,"href":"https:\/\/revistazetta.com\/index.php?rest_route=\/wp\/v2\/users\/3"}],"replies":[{"embeddable":true,"href":"https:\/\/revistazetta.com\/index.php?rest_route=%2Fwp%2Fv2%2Fcomments&post=58994"}],"version-history":[{"count":0,"href":"https:\/\/revistazetta.com\/index.php?rest_route=\/wp\/v2\/posts\/58994\/revisions"}],"wp:featuredmedia":[{"embeddable":true,"href":"https:\/\/revistazetta.com\/index.php?rest_route=\/wp\/v2\/media\/58995"}],"wp:attachment":[{"href":"https:\/\/revistazetta.com\/index.php?rest_route=%2Fwp%2Fv2%2Fmedia&parent=58994"}],"wp:term":[{"taxonomy":"category","embeddable":true,"href":"https:\/\/revistazetta.com\/index.php?rest_route=%2Fwp%2Fv2%2Fcategories&post=58994"},{"taxonomy":"post_tag","embeddable":true,"href":"https:\/\/revistazetta.com\/index.php?rest_route=%2Fwp%2Fv2%2Ftags&post=58994"}],"curies":[{"name":"wp","href":"https:\/\/api.w.org\/{rel}","templated":true}]}}