{"id":59028,"date":"2025-12-22T12:16:55","date_gmt":"2025-12-22T17:16:55","guid":{"rendered":"https:\/\/revistazetta.com\/?p=59028"},"modified":"2025-12-22T12:20:02","modified_gmt":"2025-12-22T17:20:02","slug":"delaaalazetta-yolanda-wong-bolivar-se-vestira-de-rojo-con-curules-liberales-en-la-camara","status":"publish","type":"post","link":"https:\/\/revistazetta.com\/?p=59028","title":{"rendered":"#DelaAalaZetta \/ Yolanda Wong: \u201cBol\u00edvar se vestir\u00e1 de rojo con curules liberales en la C\u00e1mara\u201d"},"content":{"rendered":"<p><strong>Cartagena de Indias, 22 de diciembre de 2025.-<\/strong> La conformaci\u00f3n de la lista a C\u00e1mara en Bol\u00edvar por el Partido Liberal se ha nutrido de liderazgos consolidados que presagian un satisfactorio resultado electoral. \u201cBol\u00edvar se vestir\u00e1 de rojo, lograremos dos curules, y cuidado hasta tres\u201d, vaticina Yolanda Wong Baldiris.<\/p>\n<p>Reconocida por su capacidad de trabajo y liderazgo pol\u00edtico, Wong Baldiris acept\u00f3 la invitaci\u00f3n del senador Lidio Garc\u00eda, y su nombre de nuevo est\u00e1 a consideraci\u00f3n del electorado, que ya la conoce por su aspiraci\u00f3n a la Gobernaci\u00f3n y su encargo como alcaldesa de Cartagena de Indias.<\/p>\n<p>Amante de la m\u00fasica salsa y conocida como la \u201cChina Wong\u201d, nuestro grupo musical le dedic\u00f3 \u201cOjos Chinos\u201d de El Gran Combo.<\/p>\n<p>Es invitada en la s\u00e9ptima temporada\u00a0del programa de entrevistas musicales \u201cDe la A a la Zetta\u201d, a trav\u00e9s de sistema informativo de Revista Zetta <a href=\"http:\/\/www.revistazetta.com\">www.revistazetta.com<\/a><span class=\"Apple-converted-space\">\u00a0<\/span><\/p>\n<p>Los programas completos se pueden apreciar en nuestro canal YouTube @Revista Zetta y en nuestra cuenta de Facebook @RevistaZetta. Adem\u00e1s, un resumen de lo mejor de cada entrevista en los reels e historias en nuestras cuentas de Instagram @revista.zetta y TikTok @revistazetta<\/p>\n<p><iframe loading=\"lazy\" title=\"YouTube video player\" src=\"https:\/\/www.youtube.com\/embed\/ShZb0sHGWVw?si=Z0VCFsBaZSl_WWAd\" width=\"560\" height=\"315\" frameborder=\"0\" allowfullscreen=\"allowfullscreen\"><\/iframe><\/p>\n<p>&nbsp;<\/p>\n<p><img loading=\"lazy\" decoding=\"async\" class=\"alignnone size-medium wp-image-59030\" src=\"https:\/\/revistazetta.com\/wp-content\/uploads\/2025\/12\/Y-1-500x282.png\" alt=\"\" width=\"500\" height=\"282\" srcset=\"https:\/\/revistazetta.com\/wp-content\/uploads\/2025\/12\/Y-1-500x282.png 500w, https:\/\/revistazetta.com\/wp-content\/uploads\/2025\/12\/Y-1-1024x578.png 1024w, https:\/\/revistazetta.com\/wp-content\/uploads\/2025\/12\/Y-1-250x141.png 250w, https:\/\/revistazetta.com\/wp-content\/uploads\/2025\/12\/Y-1-1536x867.png 1536w, https:\/\/revistazetta.com\/wp-content\/uploads\/2025\/12\/Y-1-2048x1156.png 2048w\" sizes=\"auto, (max-width: 500px) 100vw, 500px\" \/> <img loading=\"lazy\" decoding=\"async\" class=\"alignnone size-medium wp-image-59031\" src=\"https:\/\/revistazetta.com\/wp-content\/uploads\/2025\/12\/Y-2-500x281.png\" alt=\"\" width=\"500\" height=\"281\" srcset=\"https:\/\/revistazetta.com\/wp-content\/uploads\/2025\/12\/Y-2-500x281.png 500w, https:\/\/revistazetta.com\/wp-content\/uploads\/2025\/12\/Y-2-1024x576.png 1024w, https:\/\/revistazetta.com\/wp-content\/uploads\/2025\/12\/Y-2-250x141.png 250w, https:\/\/revistazetta.com\/wp-content\/uploads\/2025\/12\/Y-2-1536x864.png 1536w, https:\/\/revistazetta.com\/wp-content\/uploads\/2025\/12\/Y-2-2048x1151.png 2048w\" sizes=\"auto, (max-width: 500px) 100vw, 500px\" \/> <img loading=\"lazy\" decoding=\"async\" class=\"alignnone size-medium wp-image-59032\" src=\"https:\/\/revistazetta.com\/wp-content\/uploads\/2025\/12\/Y-3-500x279.png\" alt=\"\" width=\"500\" height=\"279\" srcset=\"https:\/\/revistazetta.com\/wp-content\/uploads\/2025\/12\/Y-3-500x279.png 500w, https:\/\/revistazetta.com\/wp-content\/uploads\/2025\/12\/Y-3-1024x571.png 1024w, https:\/\/revistazetta.com\/wp-content\/uploads\/2025\/12\/Y-3-250x139.png 250w, https:\/\/revistazetta.com\/wp-content\/uploads\/2025\/12\/Y-3-1536x857.png 1536w, https:\/\/revistazetta.com\/wp-content\/uploads\/2025\/12\/Y-3-2048x1142.png 2048w\" sizes=\"auto, (max-width: 500px) 100vw, 500px\" \/> <img loading=\"lazy\" decoding=\"async\" class=\"alignnone size-medium wp-image-59033\" src=\"https:\/\/revistazetta.com\/wp-content\/uploads\/2025\/12\/Y-4-500x278.png\" alt=\"\" width=\"500\" height=\"278\" srcset=\"https:\/\/revistazetta.com\/wp-content\/uploads\/2025\/12\/Y-4-500x278.png 500w, https:\/\/revistazetta.com\/wp-content\/uploads\/2025\/12\/Y-4-1024x569.png 1024w, https:\/\/revistazetta.com\/wp-content\/uploads\/2025\/12\/Y-4-250x139.png 250w, https:\/\/revistazetta.com\/wp-content\/uploads\/2025\/12\/Y-4-1536x854.png 1536w, https:\/\/revistazetta.com\/wp-content\/uploads\/2025\/12\/Y-4-2048x1139.png 2048w\" sizes=\"auto, (max-width: 500px) 100vw, 500px\" \/><\/p>\n","protected":false},"excerpt":{"rendered":"<p>Cartagena de Indias, 22 de diciembre de 2025.- La conformaci\u00f3n de la lista a C\u00e1mara en Bol\u00edvar por el Partido Liberal se ha nutrido de liderazgos consolidados que presagian un satisfactorio resultado electoral. \u201cBol\u00edvar se vestir\u00e1 de rojo, lograremos dos curules, y cuidado hasta tres\u201d, vaticina Yolanda Wong Baldiris. Reconocida por su capacidad de trabajo y liderazgo pol\u00edtico, Wong Baldiris acept\u00f3 la invitaci\u00f3n del senador Lidio Garc\u00eda, y su nombre de nuevo est\u00e1 a consideraci\u00f3n del electorado, que ya la conoce por su aspiraci\u00f3n a la Gobernaci\u00f3n y su encargo&#8230; <\/p>\n","protected":false},"author":3,"featured_media":59029,"comment_status":"closed","ping_status":"closed","sticky":false,"template":"","format":"standard","meta":{"footnotes":"","_links_to":"","_links_to_target":""},"categories":[1344,1450],"tags":[73,2610,549,285,448,356,128],"class_list":["post-59028","post","type-post","status-publish","format-standard","has-post-thumbnail","hentry","category-de-la-a-a-la-zetta","category-parasladers","tag-bolivar","tag-candidata-a-camara-de-representantes","tag-de-la-a-a-la-zetta","tag-destacada","tag-lidio-garcia","tag-partido-liberal","tag-yolanda-wong"],"_links":{"self":[{"href":"https:\/\/revistazetta.com\/index.php?rest_route=\/wp\/v2\/posts\/59028","targetHints":{"allow":["GET"]}}],"collection":[{"href":"https:\/\/revistazetta.com\/index.php?rest_route=\/wp\/v2\/posts"}],"about":[{"href":"https:\/\/revistazetta.com\/index.php?rest_route=\/wp\/v2\/types\/post"}],"author":[{"embeddable":true,"href":"https:\/\/revistazetta.com\/index.php?rest_route=\/wp\/v2\/users\/3"}],"replies":[{"embeddable":true,"href":"https:\/\/revistazetta.com\/index.php?rest_route=%2Fwp%2Fv2%2Fcomments&post=59028"}],"version-history":[{"count":0,"href":"https:\/\/revistazetta.com\/index.php?rest_route=\/wp\/v2\/posts\/59028\/revisions"}],"wp:featuredmedia":[{"embeddable":true,"href":"https:\/\/revistazetta.com\/index.php?rest_route=\/wp\/v2\/media\/59029"}],"wp:attachment":[{"href":"https:\/\/revistazetta.com\/index.php?rest_route=%2Fwp%2Fv2%2Fmedia&parent=59028"}],"wp:term":[{"taxonomy":"category","embeddable":true,"href":"https:\/\/revistazetta.com\/index.php?rest_route=%2Fwp%2Fv2%2Fcategories&post=59028"},{"taxonomy":"post_tag","embeddable":true,"href":"https:\/\/revistazetta.com\/index.php?rest_route=%2Fwp%2Fv2%2Ftags&post=59028"}],"curies":[{"name":"wp","href":"https:\/\/api.w.org\/{rel}","templated":true}]}}