{"id":59074,"date":"2025-12-31T16:21:02","date_gmt":"2025-12-31T21:21:02","guid":{"rendered":"https:\/\/revistazetta.com\/?p=59074"},"modified":"2025-12-31T16:21:02","modified_gmt":"2025-12-31T21:21:02","slug":"jocho-ardila-cierra-el-2025-afianzado-en-bolivar-y-conquistando-a-cartagena","status":"publish","type":"post","link":"https:\/\/revistazetta.com\/?p=59074","title":{"rendered":"Jocho Ardila cierra el 2025 afianzado en Bol\u00edvar y conquistando a Cartagena"},"content":{"rendered":"<p style=\"padding-left: 40px;\"><span style=\"color: #0000ff;\"><em>Jocho Ardila, el fen\u00f3meno electoral de Bol\u00edvar que cierra el a\u00f1o con gran fuerza pol\u00edtica y <\/em><em>culmina el a\u00f1o con un notable crecimiento en Cartagena y Bol\u00edvar<\/em><\/span><\/p>\n<p><strong>Cartagena de Indias, 31 de diciembre de 2025.-<\/strong> Jocho Ricardo Ardila irrumpi\u00f3 en la contienda por el Congreso con una jugada propia de un estratega experimentado. Con la bendici\u00f3n pol\u00edtica del expresidente \u00c1lvaro Uribe y la construcci\u00f3n de puentes s\u00f3lidos con sectores del Nuevo Liberalismo y Cambio Radical, ha logrado configurar un mapa de apoyos que rompe con los esquemas tradicionales de la pol\u00edtica regional.<\/p>\n<p>Su nombre ya no pasa desapercibido; por el contrario, cierra el 2025 abonando un terreno firme para la obtenci\u00f3n de la \u00fanica curul libre e independiente de Bol\u00edvar. La candidatura de quien aspira con el n\u00famero 106 del Centro Democr\u00e1tico conquista, con propuestas concretas en materia de seguridad, tanto el voto de opini\u00f3n como el respaldo de estructuras pol\u00edticas y liderazgos barriales.<\/p>\n<p>Jocho Ardila, ampliamente conocido en la provincia, contin\u00faa ganando terreno en Cartagena. Hoy no hay rinc\u00f3n de la ciudad donde no se hable de su candidatura y de su creciente proyecci\u00f3n pol\u00edtica.<\/p>\n","protected":false},"excerpt":{"rendered":"<p>Jocho Ardila, el fen\u00f3meno electoral de Bol\u00edvar que cierra el a\u00f1o con gran fuerza pol\u00edtica y culmina el a\u00f1o con un notable crecimiento en Cartagena y Bol\u00edvar Cartagena de Indias, 31 de diciembre de 2025.- Jocho Ricardo Ardila irrumpi\u00f3 en la contienda por el Congreso con una jugada propia de un estratega experimentado. Con la bendici\u00f3n pol\u00edtica del expresidente \u00c1lvaro Uribe y la construcci\u00f3n de puentes s\u00f3lidos con sectores del Nuevo Liberalismo y Cambio Radical, ha logrado configurar un mapa de apoyos que rompe con los esquemas tradicionales de la&#8230; <\/p>\n","protected":false},"author":3,"featured_media":59075,"comment_status":"closed","ping_status":"closed","sticky":false,"template":"","format":"standard","meta":{"footnotes":"","_links_to":"","_links_to_target":""},"categories":[1450,2375,4],"tags":[263,285,2451,2541,298],"class_list":["post-59074","post","type-post","status-publish","format-standard","has-post-thumbnail","hentry","category-parasladers","category-elecciones-2026","category-politica","tag-centro-democratico","tag-destacada","tag-elecciones-2026","tag-jocho-ardila","tag-politica"],"_links":{"self":[{"href":"https:\/\/revistazetta.com\/index.php?rest_route=\/wp\/v2\/posts\/59074","targetHints":{"allow":["GET"]}}],"collection":[{"href":"https:\/\/revistazetta.com\/index.php?rest_route=\/wp\/v2\/posts"}],"about":[{"href":"https:\/\/revistazetta.com\/index.php?rest_route=\/wp\/v2\/types\/post"}],"author":[{"embeddable":true,"href":"https:\/\/revistazetta.com\/index.php?rest_route=\/wp\/v2\/users\/3"}],"replies":[{"embeddable":true,"href":"https:\/\/revistazetta.com\/index.php?rest_route=%2Fwp%2Fv2%2Fcomments&post=59074"}],"version-history":[{"count":0,"href":"https:\/\/revistazetta.com\/index.php?rest_route=\/wp\/v2\/posts\/59074\/revisions"}],"wp:featuredmedia":[{"embeddable":true,"href":"https:\/\/revistazetta.com\/index.php?rest_route=\/wp\/v2\/media\/59075"}],"wp:attachment":[{"href":"https:\/\/revistazetta.com\/index.php?rest_route=%2Fwp%2Fv2%2Fmedia&parent=59074"}],"wp:term":[{"taxonomy":"category","embeddable":true,"href":"https:\/\/revistazetta.com\/index.php?rest_route=%2Fwp%2Fv2%2Fcategories&post=59074"},{"taxonomy":"post_tag","embeddable":true,"href":"https:\/\/revistazetta.com\/index.php?rest_route=%2Fwp%2Fv2%2Ftags&post=59074"}],"curies":[{"name":"wp","href":"https:\/\/api.w.org\/{rel}","templated":true}]}}