{"id":59082,"date":"2026-01-05T08:22:11","date_gmt":"2026-01-05T13:22:11","guid":{"rendered":"https:\/\/revistazetta.com\/?p=59082"},"modified":"2026-01-05T08:22:11","modified_gmt":"2026-01-05T13:22:11","slug":"analisis-la-alineacion-para-la-camara-en-bolivar-4-1-1-4-2-5-1-3-1-1-1-3-2-1","status":"publish","type":"post","link":"https:\/\/revistazetta.com\/?p=59082","title":{"rendered":"#An\u00e1lisis \/ La \u201calineaci\u00f3n\u201d para la C\u00e1mara en Bol\u00edvar: 4-1-1 \/ 4-2 \/ 5-1 \/ 3-1-1-1 \/ 3-2-1"},"content":{"rendered":"<p><b>Por John Zamora (Director de Revista Zetta).-<\/b> Lleg\u00f3 la hora de la verdad y en un par de meses tendremos la nueva configuraci\u00f3n del mapa pol\u00edtico legislativo: Senado y C\u00e1mara de Representantes se definir\u00e1n el 8 de marzo.<\/p>\n<p>En Bol\u00edvar todo gira en torno a las seis curules en juego y la pregunta: \u00bfSeguir\u00e1 todo igual o habr\u00e1 modificaciones en la composici\u00f3n pol\u00edtica?<\/p>\n<p>La \u201calineaci\u00f3n\u201d actual es 4-1-1, es decir, cuatro curules del Partido Conservador, una del Partido Liberal y una del Pacto Hist\u00f3rico, pero en el extenso campo de las especulaciones, de las proyecciones, de las elucubraciones tambi\u00e9n caben otras \u201calineaciones\u201d, que son el deleite de los corrillos pol\u00edticos.<\/p>\n<p>La formaci\u00f3n 4-1-1 tiene l\u00f3gica, pero albergar\u00eda un cambio importante. Aqu\u00ed, el Conservador mantendr\u00eda sus cuatro curules, el Liberal la suya, y la sexta se disputar\u00eda entre el Pacto Hist\u00f3rico y el Centro Democr\u00e1tico.<\/p>\n<p>Las otras alineaciones se especulan as\u00ed:<\/p>\n<p>Conservador 4, Liberal 2<\/p>\n<p>Conservador 5, Liberal 1<\/p>\n<p>Conservador 3, Liberal 1, Pacto 1, Centro Democr\u00e1tico 1<\/p>\n<p>Conservador 3, Liberal 2, Pacto o Centro 1<\/p>\n<p>Veamos c\u00f3mo llegan las listas a la contienda:<\/p>\n<p><b>Partido Conservador<\/b><\/p>\n<p>Hace cuatro a\u00f1os, el Partido Conservador ten\u00eda cuatro candidaturas fuertes, las mismas que terminaron con curul: Yamil Arana, Juliana Aray, Andr\u00e9s Montes y Fernando Ni\u00f1o.<\/p>\n<p>Hoy tiene esas mismas fuerzas (Yamil Arana = Camila Salas) y (Fernando Ni\u00f1o x Miguel Montes Curi), y adem\u00e1s est\u00e1n reforzadas con Alonso del R\u00edo (exrepresentante por el Partido de la U) y Mar\u00eda Paula Caballero, hija del concejal David Caballero.<\/p>\n<p>Esto quiere decir que el Partido Conservador no solo puede mantener la votaci\u00f3n de hace cuatro a\u00f1os (unos 320 mil votos), sino aumentarla (\u00bf400 mil?). Pensar que pueden repetir las cuatro curules tiene l\u00f3gica, lo mismo que llegar a una quinta, aunque resultar\u00eda dif\u00edcil pero factible, dependiendo de la cifra repartidora.<\/p>\n<p><b>Partido Liberal<\/b><\/p>\n<p>El Partido Liberal ha tenido una candidatura fuerte en Silvio Carrasquilla, eterno preferido del senador Lidio Garc\u00eda. Hace cuatro a\u00f1os la lista rond\u00f3 120 mil votos, y en esta ocasi\u00f3n se espera que la cifra crezca por la llegada de nuevas fuerzas como Yolanda Wong y Tony Guerra, y lo que sumen los medi\u00e1ticos Dairo Bustillo y Jos\u00e9 Luis Osorio. Queda claro que hay suficiente para una curul, y la duda es si alcanza para la segunda. Pensar en una tercera ya es ca\u00f1ar sin tapujos.<\/p>\n<p><b>\u00bfPacto Hist\u00f3rico o Centro Democr\u00e1tico?<\/b><\/p>\n<p>Hay una disputa interesante entre polos opuestos: Pacto Hist\u00f3rico y Centro Democr\u00e1tico, que pueden disputar una curul.<\/p>\n<p>El Pacto Hist\u00f3rico tiene su gente fiel a Petro y solo les importa reelegir el proyecto pol\u00edtico. Por eso, tiene sentido promover el logo colorido del Pacto y asociarlo con Petro y Cepeda, antes que promocionar a los integrantes de la lista, encabezada por el acad\u00e9mico Amaury Julio, un esfuerzo innecesario en dos meses de campa\u00f1a. En contra tiene el opaco e intrascendente papel de la representante Dorina Hern\u00e1ndez, y que muchas fuerzas que participaron en la consulta para conformar la lista, ahora regresar\u00e1n a votar con sus verdaderos grupos, am\u00e9n de los efectos del desbarajuste de la izquierda en Am\u00e9rica Latina, de la corrupci\u00f3n y controversias del actual gobierno, y la crisis de liderazgo departamental. \u00bfSuperar\u00e1 los 85 mil votos de hace cuatro a\u00f1os?<\/p>\n<p>El Centro Democr\u00e1tico, en cambio, por fin confeccion\u00f3 una lista con probabilidades de disputar una curul, y all\u00ed el nombre de Jocho Ardila es el que m\u00e1s arrastre tiene. Entre Magangu\u00e9, Turbaco y Cartagena bien puede acumular un gran porcentaje de votos. Adem\u00e1s, hay un reavivamiento del entusiasmo por el proyecto uribista, y los dem\u00e1s componentes de la lista est\u00e1n haciendo un trabajo que, comparado con cuatro a\u00f1os atr\u00e1s, debe arrojar mejores resultados. El reto es casi triplicar los 50 mil votos de hace cuatro a\u00f1os.<\/p>\n<p><b>Del anonimato al desprestigio<\/b><\/p>\n<p>La Alianza Verde con el Partido de la U no pasar\u00e1n de ocupar un lugar en el tarjet\u00f3n, y muy lejos estar\u00e1 el papel\u00f3n del Nuevo Liberalismo, toda una oda al desperdicio del capital pol\u00edtico. Juan Manuel Gal\u00e1n se pifi\u00f3 y no supo regar las maticas electorales sembradas en Bol\u00edvar: 25 concejales, tres alcald\u00edas, entre ellas la mism\u00edsima de Cartagena de Indias, a cuyo alcalde Dumek Turbay, avalaron oficialmente\u2026 sin mencionar la desbandada de liderazgos como el de Fejed Al\u00ed (con Jocho Ardila) y todo para presentar una lista sacada de un mundo desconocido, de una tercera dimensi\u00f3n naufraga, que pasar\u00e1 del anonimato al desprestigio.<\/p>\n<p><b>Candidaturas a la C\u00e1mara por Bol\u00edvar<\/b><\/p>\n<p>Hay 48 candidatos inscritos. Estos son:<\/p>\n<p><b>Coalici\u00f3n Centro Democr\u00e1tico-MIRA: <\/b>Martha Arrazola Pineda, Fabio Mendoza Barreto, Shirley Sanjuan Berrocal, Karelis Caraballo Salinas, Sonia Villa Lascarro y Jos\u00e9 Ardila Pinedo.<\/p>\n<p><b>Coalici\u00f3n Alianza Verde &#8211; ASI &#8211; U &#8211; PTC: <\/b>Stephanny Galeano Urzola, Carmen Miranda Morales, Jos\u00e9 Plata C\u00e1rdenas, Julio Cesar Arias Fl\u00f3rez, Orlando Arrieta N\u00fa\u00f1ez y Karina Orozco Ar\u00e9valo.<\/p>\n<p><b>Coalici\u00f3n Fuerza Ciudadana:<\/b> Francisco Pineda Beltr\u00e1n, Horacio Jaramillo Goenaga, Gladys Montes Manjarres, Yaradny Julio Marriaga, Robin Villegas S\u00e1nchez y Marcos Tous del Toro.<\/p>\n<p><b>Pacto Hist\u00f3rico:<\/b> Amaury Julio P\u00e9rez, Colombia Aduen Bray, Yhony Hern\u00e1ndez Agua, Yessica Blanco Torres, Viviano Torres Guti\u00e9rrez y Paola Pianeta Arango.<\/p>\n<p><b>Partido Conservador Colombiano: <\/b>Mar\u00eda Camila Salas, Juliana Aray Franco, Alonso del R\u00edo Cabarcas, Mar\u00eda Paula Caballero Porto, Miguel Montes Curi y Andr\u00e9s Montes Celed\u00f3n.<\/p>\n<p><b>Partido Liberal Colombiano: <\/b>Silvio Carrasquilla Torres, Antonio Salim Guerra Torres, Mayra Ortega Tatis, Dairo Bustillo G\u00f3mez, Jos\u00e9 Osorio Galvis y Yolanda Wong Baldiris.<\/p>\n<p><b>Nuevo Liberalismo: <\/b>Roberto Fuentes del Toro, Karen Rodr\u00edguez Buelvas, Ezequiel Buelvas Vega, Sandra Acosta Col\u00f3n y Vlasdivir Hern\u00e1ndez Cardona.<\/p>\n<p><b>Partido Dignidad y Compromiso: <\/b>David M\u00fanera Cavad\u00eda y Rosalba Arrieta Castilla.<\/p>\n<p><b>Partido Esperanza Democr\u00e1tica: <\/b>Ernesto Fadul Chaparro, Ana Mar\u00eda Rodr\u00edguez Ortiz, Rolando Garc\u00eda Alfaro, Jos\u00e9 Polo Puello y Leonis Vargas Reyes.<\/p>\n<p>Seg\u00fan la Registradur\u00eda, en el tiempo de modificaciones en las listas se presentaron seis cambios, los cuales fueron:<\/p>\n<p>Organizaci\u00f3n Afro Asoconeg: Sali\u00f3 Edwin Morillo Valdelamar; ingres\u00f3 Lenin Mendoza P\u00e9rez.<\/p>\n<p>Nuevo Liberalismo hizo 2 cambios: Salieron Jhan Franco Galvis y Elsy L\u00f3pez C\u00e1rdenas; ingresaron Vlasdivir Hern\u00e1ndez Cardona y Sandra Acosta Colon, respectivamente.<\/p>\n<p>Coalici\u00f3n Alianza Verde &#8211; ASI &#8211; U &#8211; PTC: Sali\u00f3 Natalia Paniza Manjarrez e ingres\u00f3 Karina Orozco Ar\u00e9valo.<\/p>\n<p>Coalici\u00f3n Fuerza Ciudadana hizo 2 variaciones: Salieron Padis Pastrana Cuitiva y Rafael Le\u00f3n Padilla; e ingresaron Yaradny Julio Marriaga y Robin Villegas S\u00e1nchez, respectivamente.<\/p>\n<p>&nbsp;<\/p>\n","protected":false},"excerpt":{"rendered":"<p>Por John Zamora (Director de Revista Zetta).- Lleg\u00f3 la hora de la verdad y en un par de meses tendremos la nueva configuraci\u00f3n del mapa pol\u00edtico legislativo: Senado y C\u00e1mara de Representantes se definir\u00e1n el 8 de marzo. En Bol\u00edvar todo gira en torno a las seis curules en juego y la pregunta: \u00bfSeguir\u00e1 todo igual o habr\u00e1 modificaciones en la composici\u00f3n pol\u00edtica? La \u201calineaci\u00f3n\u201d actual es 4-1-1, es decir, cuatro curules del Partido Conservador, una del Partido Liberal y una del Pacto Hist\u00f3rico, pero en el extenso campo de&#8230; <\/p>\n","protected":false},"author":3,"featured_media":59083,"comment_status":"closed","ping_status":"closed","sticky":false,"template":"","format":"standard","meta":{"footnotes":"","_links_to":"","_links_to_target":""},"categories":[66,1450,44],"tags":[314,73,338,285,2451,288],"class_list":["post-59082","post","type-post","status-publish","format-standard","has-post-thumbnail","hentry","category-analisis","category-parasladers","category-materiagris","tag-analisis","tag-bolivar","tag-camara-de-representantes","tag-destacada","tag-elecciones-2026","tag-materia-gris"],"_links":{"self":[{"href":"https:\/\/revistazetta.com\/index.php?rest_route=\/wp\/v2\/posts\/59082","targetHints":{"allow":["GET"]}}],"collection":[{"href":"https:\/\/revistazetta.com\/index.php?rest_route=\/wp\/v2\/posts"}],"about":[{"href":"https:\/\/revistazetta.com\/index.php?rest_route=\/wp\/v2\/types\/post"}],"author":[{"embeddable":true,"href":"https:\/\/revistazetta.com\/index.php?rest_route=\/wp\/v2\/users\/3"}],"replies":[{"embeddable":true,"href":"https:\/\/revistazetta.com\/index.php?rest_route=%2Fwp%2Fv2%2Fcomments&post=59082"}],"version-history":[{"count":0,"href":"https:\/\/revistazetta.com\/index.php?rest_route=\/wp\/v2\/posts\/59082\/revisions"}],"wp:featuredmedia":[{"embeddable":true,"href":"https:\/\/revistazetta.com\/index.php?rest_route=\/wp\/v2\/media\/59083"}],"wp:attachment":[{"href":"https:\/\/revistazetta.com\/index.php?rest_route=%2Fwp%2Fv2%2Fmedia&parent=59082"}],"wp:term":[{"taxonomy":"category","embeddable":true,"href":"https:\/\/revistazetta.com\/index.php?rest_route=%2Fwp%2Fv2%2Fcategories&post=59082"},{"taxonomy":"post_tag","embeddable":true,"href":"https:\/\/revistazetta.com\/index.php?rest_route=%2Fwp%2Fv2%2Ftags&post=59082"}],"curies":[{"name":"wp","href":"https:\/\/api.w.org\/{rel}","templated":true}]}}