{"id":59160,"date":"2026-01-21T23:08:49","date_gmt":"2026-01-22T04:08:49","guid":{"rendered":"https:\/\/revistazetta.com\/?p=59160"},"modified":"2026-01-21T23:08:49","modified_gmt":"2026-01-22T04:08:49","slug":"delaaalazetta-nadia-blel-ahora-con-el-doble-de-compromiso","status":"publish","type":"post","link":"https:\/\/revistazetta.com\/?p=59160","title":{"rendered":"#DelaAalaZetta \/ Nadia Blel: Ahora con el doble de compromiso"},"content":{"rendered":"<p class=\"p1\"><strong>Cartagena de Indias, 22 de enero de 2026.- <\/strong>Es indiscutible que Nadia Blel es la mujer m\u00e1s importante en la historia pol\u00edtica de Cartagena y Bol\u00edvar. Con su liderazgo y el de su organizaci\u00f3n pol\u00edtica, el Partido Conservador escal\u00f3 a la primac\u00eda y hoy se anota la Gobernaci\u00f3n de Bol\u00edvar y varias curules en C\u00e1mara, -am\u00e9n de esca\u00f1os en Asamblea, Alcald\u00edas y Concejos Municipales- y se proyecta a repetir la m\u00e1s alta votaci\u00f3n tanto para Senado y C\u00e1mara.<\/p>\n<p><img loading=\"lazy\" decoding=\"async\" class=\"alignnone size-medium wp-image-59164\" src=\"https:\/\/revistazetta.com\/wp-content\/uploads\/2026\/01\/Nadia-5-451x333.png\" alt=\"\" width=\"451\" height=\"333\" srcset=\"https:\/\/revistazetta.com\/wp-content\/uploads\/2026\/01\/Nadia-5-451x333.png 451w, https:\/\/revistazetta.com\/wp-content\/uploads\/2026\/01\/Nadia-5-1024x756.png 1024w, https:\/\/revistazetta.com\/wp-content\/uploads\/2026\/01\/Nadia-5-219x162.png 219w, https:\/\/revistazetta.com\/wp-content\/uploads\/2026\/01\/Nadia-5-1536x1134.png 1536w, https:\/\/revistazetta.com\/wp-content\/uploads\/2026\/01\/Nadia-5.png 1770w\" sizes=\"auto, (max-width: 451px) 100vw, 451px\" \/><\/p>\n<p class=\"p1\">Ha sido la primera y \u00fanica mujer en presidir el hist\u00f3rico Partido Conservador, y tiene un imponente liderazgo en el Congreso, tanto por el impulso a m\u00e1s de 10 proyectos de ley de su autor\u00eda, como a debates de control pol\u00edtico, y por decisiones de gran valent\u00eda como el hundimiento de proyectos del actual gobierno que representaban un nocivo efecto para el pa\u00eds. Ella es consciente de los riesgos de sus decisiones, pero sus convicciones la sustentan.<\/p>\n<p><iframe loading=\"lazy\" title=\"YouTube video player\" src=\"https:\/\/www.youtube.com\/embed\/D9jgOdfqCBM?si=PWrs5wGwIuRFQKqe\" width=\"560\" height=\"315\" frameborder=\"0\" allowfullscreen=\"allowfullscreen\"><\/iframe><\/p>\n<p class=\"p1\">Un vistazo a su tarea legislativa, sus propuestas para lograr la reelecci\u00f3n en el Senado, su posici\u00f3n frente a temas nacionales, aspectos de su vida personal y una aventura musical con \u201cEl bodeguero\u201d, hacen parte de esta c\u00e1lida entrevista con John Zamora, director de Revista Zetta.<\/p>\n<p class=\"p2\">Nadia Georgette Blel Scaff es invitada en la s\u00e9ptima temporada\u00a0del programa de entrevistas musicales \u201cDe la A a la Zetta\u201d, a trav\u00e9s de sistema informativo de Revista Zetta <a href=\"http:\/\/www.revistazetta.com\"><span class=\"s1\">www.revistazetta.com<\/span><\/a><\/p>\n<p><img loading=\"lazy\" decoding=\"async\" class=\"alignnone size-medium wp-image-59163\" src=\"https:\/\/revistazetta.com\/wp-content\/uploads\/2026\/01\/Nadia-4-500x292.png\" alt=\"\" width=\"500\" height=\"292\" srcset=\"https:\/\/revistazetta.com\/wp-content\/uploads\/2026\/01\/Nadia-4-500x292.png 500w, https:\/\/revistazetta.com\/wp-content\/uploads\/2026\/01\/Nadia-4-1024x597.png 1024w, https:\/\/revistazetta.com\/wp-content\/uploads\/2026\/01\/Nadia-4-250x146.png 250w, https:\/\/revistazetta.com\/wp-content\/uploads\/2026\/01\/Nadia-4-1536x896.png 1536w, https:\/\/revistazetta.com\/wp-content\/uploads\/2026\/01\/Nadia-4-2048x1194.png 2048w\" sizes=\"auto, (max-width: 500px) 100vw, 500px\" \/><\/p>\n<p class=\"p2\">Los programas completos se pueden apreciar en nuestro canal YouTube @Revista Zetta y en nuestra cuenta de Facebook @RevistaZetta. Adem\u00e1s, un resumen de lo mejor de cada entrevista en los reels e historias en nuestras cuentas de Instagram @revista.zetta y TikTok @revistazetta<\/p>\n<p>\u00a0<img loading=\"lazy\" decoding=\"async\" class=\"alignnone size-medium wp-image-59162\" src=\"https:\/\/revistazetta.com\/wp-content\/uploads\/2026\/01\/Nadia-3-500x308.png\" alt=\"\" width=\"500\" height=\"308\" srcset=\"https:\/\/revistazetta.com\/wp-content\/uploads\/2026\/01\/Nadia-3-500x308.png 500w, https:\/\/revistazetta.com\/wp-content\/uploads\/2026\/01\/Nadia-3-1024x631.png 1024w, https:\/\/revistazetta.com\/wp-content\/uploads\/2026\/01\/Nadia-3-250x154.png 250w, https:\/\/revistazetta.com\/wp-content\/uploads\/2026\/01\/Nadia-3-1536x946.png 1536w, https:\/\/revistazetta.com\/wp-content\/uploads\/2026\/01\/Nadia-3.png 1754w\" sizes=\"auto, (max-width: 500px) 100vw, 500px\" \/> \u00a0\u00a0<img loading=\"lazy\" decoding=\"async\" class=\"alignnone size-medium wp-image-59165\" src=\"https:\/\/revistazetta.com\/wp-content\/uploads\/2026\/01\/Nadia-6-500x313.png\" alt=\"\" width=\"500\" height=\"313\" srcset=\"https:\/\/revistazetta.com\/wp-content\/uploads\/2026\/01\/Nadia-6-500x313.png 500w, https:\/\/revistazetta.com\/wp-content\/uploads\/2026\/01\/Nadia-6-1024x641.png 1024w, https:\/\/revistazetta.com\/wp-content\/uploads\/2026\/01\/Nadia-6-250x156.png 250w, https:\/\/revistazetta.com\/wp-content\/uploads\/2026\/01\/Nadia-6-1536x961.png 1536w, https:\/\/revistazetta.com\/wp-content\/uploads\/2026\/01\/Nadia-6-2048x1282.png 2048w\" sizes=\"auto, (max-width: 500px) 100vw, 500px\" \/> <img loading=\"lazy\" decoding=\"async\" class=\"alignnone size-medium wp-image-59166\" src=\"https:\/\/revistazetta.com\/wp-content\/uploads\/2026\/01\/Nadia-7-500x323.png\" alt=\"\" width=\"500\" height=\"323\" srcset=\"https:\/\/revistazetta.com\/wp-content\/uploads\/2026\/01\/Nadia-7-500x323.png 500w, https:\/\/revistazetta.com\/wp-content\/uploads\/2026\/01\/Nadia-7-1024x661.png 1024w, https:\/\/revistazetta.com\/wp-content\/uploads\/2026\/01\/Nadia-7-250x162.png 250w, https:\/\/revistazetta.com\/wp-content\/uploads\/2026\/01\/Nadia-7-1536x991.png 1536w, https:\/\/revistazetta.com\/wp-content\/uploads\/2026\/01\/Nadia-7.png 1946w\" sizes=\"auto, (max-width: 500px) 100vw, 500px\" \/> <img loading=\"lazy\" decoding=\"async\" class=\"alignnone size-medium wp-image-59167\" src=\"https:\/\/revistazetta.com\/wp-content\/uploads\/2026\/01\/Nadia-8-473x333.png\" alt=\"\" width=\"473\" height=\"333\" srcset=\"https:\/\/revistazetta.com\/wp-content\/uploads\/2026\/01\/Nadia-8-473x333.png 473w, https:\/\/revistazetta.com\/wp-content\/uploads\/2026\/01\/Nadia-8-1024x720.png 1024w, https:\/\/revistazetta.com\/wp-content\/uploads\/2026\/01\/Nadia-8-230x162.png 230w, https:\/\/revistazetta.com\/wp-content\/uploads\/2026\/01\/Nadia-8-1536x1080.png 1536w, https:\/\/revistazetta.com\/wp-content\/uploads\/2026\/01\/Nadia-8.png 1628w\" sizes=\"auto, (max-width: 473px) 100vw, 473px\" \/> <img loading=\"lazy\" decoding=\"async\" class=\"alignnone size-medium wp-image-59168\" src=\"https:\/\/revistazetta.com\/wp-content\/uploads\/2026\/01\/Nadia-9-500x281.png\" alt=\"\" width=\"500\" height=\"281\" srcset=\"https:\/\/revistazetta.com\/wp-content\/uploads\/2026\/01\/Nadia-9-500x281.png 500w, https:\/\/revistazetta.com\/wp-content\/uploads\/2026\/01\/Nadia-9-1024x576.png 1024w, https:\/\/revistazetta.com\/wp-content\/uploads\/2026\/01\/Nadia-9-250x141.png 250w, https:\/\/revistazetta.com\/wp-content\/uploads\/2026\/01\/Nadia-9-1536x864.png 1536w, https:\/\/revistazetta.com\/wp-content\/uploads\/2026\/01\/Nadia-9-2048x1151.png 2048w\" sizes=\"auto, (max-width: 500px) 100vw, 500px\" \/> <img loading=\"lazy\" decoding=\"async\" class=\"alignnone size-medium wp-image-59169\" src=\"https:\/\/revistazetta.com\/wp-content\/uploads\/2026\/01\/Nadia-10-489x333.png\" alt=\"\" width=\"489\" height=\"333\" srcset=\"https:\/\/revistazetta.com\/wp-content\/uploads\/2026\/01\/Nadia-10-489x333.png 489w, https:\/\/revistazetta.com\/wp-content\/uploads\/2026\/01\/Nadia-10-1024x697.png 1024w, https:\/\/revistazetta.com\/wp-content\/uploads\/2026\/01\/Nadia-10-238x162.png 238w, https:\/\/revistazetta.com\/wp-content\/uploads\/2026\/01\/Nadia-10-1536x1045.png 1536w, https:\/\/revistazetta.com\/wp-content\/uploads\/2026\/01\/Nadia-10.png 1664w\" sizes=\"auto, (max-width: 489px) 100vw, 489px\" \/> <img loading=\"lazy\" decoding=\"async\" class=\"alignnone size-medium wp-image-59170\" src=\"https:\/\/revistazetta.com\/wp-content\/uploads\/2026\/01\/Nadia-11-500x281.png\" alt=\"\" width=\"500\" height=\"281\" srcset=\"https:\/\/revistazetta.com\/wp-content\/uploads\/2026\/01\/Nadia-11-500x281.png 500w, https:\/\/revistazetta.com\/wp-content\/uploads\/2026\/01\/Nadia-11-1024x575.png 1024w, https:\/\/revistazetta.com\/wp-content\/uploads\/2026\/01\/Nadia-11-250x140.png 250w, https:\/\/revistazetta.com\/wp-content\/uploads\/2026\/01\/Nadia-11-1536x863.png 1536w, https:\/\/revistazetta.com\/wp-content\/uploads\/2026\/01\/Nadia-11-2048x1150.png 2048w\" sizes=\"auto, (max-width: 500px) 100vw, 500px\" \/> <img loading=\"lazy\" decoding=\"async\" class=\"alignnone size-medium wp-image-59171\" src=\"https:\/\/revistazetta.com\/wp-content\/uploads\/2026\/01\/Nadia-12-500x310.png\" alt=\"\" width=\"500\" height=\"310\" srcset=\"https:\/\/revistazetta.com\/wp-content\/uploads\/2026\/01\/Nadia-12-500x310.png 500w, https:\/\/revistazetta.com\/wp-content\/uploads\/2026\/01\/Nadia-12-1024x635.png 1024w, https:\/\/revistazetta.com\/wp-content\/uploads\/2026\/01\/Nadia-12-250x155.png 250w, https:\/\/revistazetta.com\/wp-content\/uploads\/2026\/01\/Nadia-12-1536x952.png 1536w, https:\/\/revistazetta.com\/wp-content\/uploads\/2026\/01\/Nadia-12.png 1610w\" sizes=\"auto, (max-width: 500px) 100vw, 500px\" \/><\/p>\n","protected":false},"excerpt":{"rendered":"<p>Cartagena de Indias, 22 de enero de 2026.- Es indiscutible que Nadia Blel es la mujer m\u00e1s importante en la historia pol\u00edtica de Cartagena y Bol\u00edvar. Con su liderazgo y el de su organizaci\u00f3n pol\u00edtica, el Partido Conservador escal\u00f3 a la primac\u00eda y hoy se anota la Gobernaci\u00f3n de Bol\u00edvar y varias curules en C\u00e1mara, -am\u00e9n de esca\u00f1os en Asamblea, Alcald\u00edas y Concejos Municipales- y se proyecta a repetir la m\u00e1s alta votaci\u00f3n tanto para Senado y C\u00e1mara. Ha sido la primera y \u00fanica mujer en presidir el hist\u00f3rico Partido&#8230; <\/p>\n","protected":false},"author":3,"featured_media":59172,"comment_status":"closed","ping_status":"closed","sticky":false,"template":"","format":"standard","meta":{"footnotes":"","_links_to":"","_links_to_target":""},"categories":[1344,1450],"tags":[549,285,2451,115,219,454,234],"class_list":["post-59160","post","type-post","status-publish","format-standard","has-post-thumbnail","hentry","category-de-la-a-a-la-zetta","category-parasladers","tag-de-la-a-a-la-zetta","tag-destacada","tag-elecciones-2026","tag-john-zamora","tag-nadia-blel","tag-partido-conservador","tag-senado"],"_links":{"self":[{"href":"https:\/\/revistazetta.com\/index.php?rest_route=\/wp\/v2\/posts\/59160","targetHints":{"allow":["GET"]}}],"collection":[{"href":"https:\/\/revistazetta.com\/index.php?rest_route=\/wp\/v2\/posts"}],"about":[{"href":"https:\/\/revistazetta.com\/index.php?rest_route=\/wp\/v2\/types\/post"}],"author":[{"embeddable":true,"href":"https:\/\/revistazetta.com\/index.php?rest_route=\/wp\/v2\/users\/3"}],"replies":[{"embeddable":true,"href":"https:\/\/revistazetta.com\/index.php?rest_route=%2Fwp%2Fv2%2Fcomments&post=59160"}],"version-history":[{"count":0,"href":"https:\/\/revistazetta.com\/index.php?rest_route=\/wp\/v2\/posts\/59160\/revisions"}],"wp:featuredmedia":[{"embeddable":true,"href":"https:\/\/revistazetta.com\/index.php?rest_route=\/wp\/v2\/media\/59172"}],"wp:attachment":[{"href":"https:\/\/revistazetta.com\/index.php?rest_route=%2Fwp%2Fv2%2Fmedia&parent=59160"}],"wp:term":[{"taxonomy":"category","embeddable":true,"href":"https:\/\/revistazetta.com\/index.php?rest_route=%2Fwp%2Fv2%2Fcategories&post=59160"},{"taxonomy":"post_tag","embeddable":true,"href":"https:\/\/revistazetta.com\/index.php?rest_route=%2Fwp%2Fv2%2Ftags&post=59160"}],"curies":[{"name":"wp","href":"https:\/\/api.w.org\/{rel}","templated":true}]}}