{"id":59528,"date":"2026-03-10T13:00:22","date_gmt":"2026-03-10T18:00:22","guid":{"rendered":"https:\/\/revistazetta.com\/?p=59528"},"modified":"2026-03-10T13:00:22","modified_gmt":"2026-03-10T18:00:22","slug":"fundacion-huellas-de-piedra-cemento-pais-y-mardique-impulsan-la-primera-infancia-en-bocachica-con-donacion-al-jardin-peces-de-colores","status":"publish","type":"post","link":"https:\/\/revistazetta.com\/?p=59528","title":{"rendered":"Fundaci\u00f3n Huellas de Piedra, Cemento Pa\u00eds y Mardique impulsan la primera infancia en Bocachica con donaci\u00f3n al jard\u00edn Peces de Colores"},"content":{"rendered":"<p><strong>Bocachica, 10 de marzo de 2026.-<\/strong> La alegr\u00eda lleg\u00f3 envuelta en solidaridad al jard\u00edn infantil Peces de Colores, en Bocachica. Con una donaci\u00f3n de dos televisores y kits escolares, la Fundaci\u00f3n AGM Huellas de Piedra, Cemento Pa\u00eds y la Sociedad Portuaria Mardique fortalecieron los procesos pedag\u00f3gicos de este espacio comunitario que atiende a ni\u00f1os entre 0 meses y 3 a\u00f1os, acompa\u00f1ados por la Asociaci\u00f3n Madres FAMI.<\/p>\n<p>La entrega no solo signific\u00f3 nuevos equipos para el aprendizaje. Tambi\u00e9n represent\u00f3 un gesto de respaldo al trabajo silencioso y constante de las madres comunitarias, quienes con dedicaci\u00f3n han levantado, paso a paso, un lugar donde los ni\u00f1os pueden crecer rodeados de cuidado, juegos y primeras lecciones de vida.<\/p>\n<p><img loading=\"lazy\" decoding=\"async\" class=\"alignnone size-medium wp-image-59530\" src=\"https:\/\/revistazetta.com\/wp-content\/uploads\/2026\/03\/WhatsApp-Image-2026-03-10-at-12.31.32-444x333.jpeg\" alt=\"\" width=\"444\" height=\"333\" srcset=\"https:\/\/revistazetta.com\/wp-content\/uploads\/2026\/03\/WhatsApp-Image-2026-03-10-at-12.31.32-444x333.jpeg 444w, https:\/\/revistazetta.com\/wp-content\/uploads\/2026\/03\/WhatsApp-Image-2026-03-10-at-12.31.32-1024x768.jpeg 1024w, https:\/\/revistazetta.com\/wp-content\/uploads\/2026\/03\/WhatsApp-Image-2026-03-10-at-12.31.32-216x162.jpeg 216w, https:\/\/revistazetta.com\/wp-content\/uploads\/2026\/03\/WhatsApp-Image-2026-03-10-at-12.31.32-1536x1152.jpeg 1536w, https:\/\/revistazetta.com\/wp-content\/uploads\/2026\/03\/WhatsApp-Image-2026-03-10-at-12.31.32.jpeg 1600w\" sizes=\"auto, (max-width: 444px) 100vw, 444px\" \/><\/p>\n<p>En medio de sonrisas, palabras de gratitud y la curiosidad de los peque\u00f1os, las madres comunitarias recibieron la donaci\u00f3n como una oportunidad para enriquecer las actividades pedag\u00f3gicas que cada d\u00eda realizan con los ni\u00f1os.<\/p>\n<blockquote><p>Para Lucelis de \u00c1vila Fern\u00e1ndez, madre comunitaria y una de las mujeres que ha dedicado gran parte de su vida a la atenci\u00f3n de la primera infancia en Bocachica, los nuevos equipos permitir\u00e1n abrir m\u00e1s ventanas al aprendizaje.<\/p>\n<p>\u201cCon estos televisores los ni\u00f1os van a tener experiencias significativas\u201d, expres\u00f3, al explicar que el material audiovisual permitir\u00e1 reforzar los procesos pedag\u00f3gicos y estimular la imaginaci\u00f3n y el descubrimiento desde las primeras etapas de la vida.<\/p><\/blockquote>\n<p>El apoyo tambi\u00e9n fue recibido con emoci\u00f3n por parte de las dem\u00e1s madres comunitarias. Rosario P\u00e9rez se\u00f1al\u00f3 que la donaci\u00f3n fue una sorpresa que llena de esperanza a quienes trabajan diariamente por el bienestar de los ni\u00f1os.<\/p>\n<blockquote><p>\u201cFue una gran bendici\u00f3n para nosotros y para los ni\u00f1os\u201d, afirm\u00f3.<\/p><\/blockquote>\n<p>Detr\u00e1s de este jard\u00edn infantil hay una historia de esfuerzo colectivo. Las madres comunitarias han construido con sus propias manos el espacio donde hoy funciona Peces de Colores, convencidas de que la educaci\u00f3n y el cuidado en los primeros a\u00f1os de vida son semillas que transforman comunidades.<\/p>\n<p><img loading=\"lazy\" decoding=\"async\" class=\"alignnone size-medium wp-image-59531\" src=\"https:\/\/revistazetta.com\/wp-content\/uploads\/2026\/03\/WhatsApp-Image-2026-03-10-at-12.32.06-444x333.jpeg\" alt=\"\" width=\"444\" height=\"333\" srcset=\"https:\/\/revistazetta.com\/wp-content\/uploads\/2026\/03\/WhatsApp-Image-2026-03-10-at-12.32.06-444x333.jpeg 444w, https:\/\/revistazetta.com\/wp-content\/uploads\/2026\/03\/WhatsApp-Image-2026-03-10-at-12.32.06-1024x768.jpeg 1024w, https:\/\/revistazetta.com\/wp-content\/uploads\/2026\/03\/WhatsApp-Image-2026-03-10-at-12.32.06-216x162.jpeg 216w, https:\/\/revistazetta.com\/wp-content\/uploads\/2026\/03\/WhatsApp-Image-2026-03-10-at-12.32.06-1536x1152.jpeg 1536w, https:\/\/revistazetta.com\/wp-content\/uploads\/2026\/03\/WhatsApp-Image-2026-03-10-at-12.32.06.jpeg 1600w\" sizes=\"auto, (max-width: 444px) 100vw, 444px\" \/><\/p>\n<p>Sin embargo, junto a la alegr\u00eda por este apoyo, tambi\u00e9n persisten retos que la comunidad espera superar. Lucelis de \u00c1vila explic\u00f3 que recientemente lograron construir un pozo para acceder al agua, un avance importante para el funcionamiento del jard\u00edn, aunque todav\u00eda necesitan una motobomba que permita llevar el agua hasta los ba\u00f1os y facilitar las labores diarias.<\/p>\n<blockquote><p>\u201cAhora nos toca sacar el agua manualmente y eso tambi\u00e9n representa un riesgo\u201d, coment\u00f3.<\/p><\/blockquote>\n<p>Por su parte, Carmen Castro, tambi\u00e9n madre comunitaria, agradeci\u00f3 el respaldo recibido y destac\u00f3 que la comunidad sigue so\u00f1ando con completar otras obras necesarias para mejorar las condiciones del jard\u00edn.<\/p>\n<p>Entre esas prioridades se encuentran terminar el pozo profundo, instalar la motobomba y lograr el encerramiento total del jard\u00edn infantil, una infraestructura que brindar\u00eda mayor seguridad a los ni\u00f1os y tranquilidad a las familias.<\/p>\n<blockquote><p>\u201cSer\u00eda una gran obra para toda la comunidad\u201d, se\u00f1al\u00f3.<\/p><\/blockquote>\n<p>Desde la Fundaci\u00f3n AGM Huellas de Piedra reiteraron su compromiso de continuar acompa\u00f1ando a las madres comunitarias y apoyar iniciativas que fortalezcan los espacios de atenci\u00f3n, protecci\u00f3n y aprendizaje de la primera infancia en Bocachica.<\/p>\n<p>En el jard\u00edn infantil Peces de Colores, cada rinc\u00f3n guarda una historia de esfuerzo y esperanza. All\u00ed, entre risas infantiles, juegos y la dedicaci\u00f3n de quienes cuidan a los m\u00e1s peque\u00f1os, la donaci\u00f3n recibida se convirti\u00f3 en algo m\u00e1s que equipos: un impulso para seguir construyendo futuro desde la infancia.<\/p>\n","protected":false},"excerpt":{"rendered":"<p>Bocachica, 10 de marzo de 2026.- La alegr\u00eda lleg\u00f3 envuelta en solidaridad al jard\u00edn infantil Peces de Colores, en Bocachica. Con una donaci\u00f3n de dos televisores y kits escolares, la Fundaci\u00f3n AGM Huellas de Piedra, Cemento Pa\u00eds y la Sociedad Portuaria Mardique fortalecieron los procesos pedag\u00f3gicos de este espacio comunitario que atiende a ni\u00f1os entre 0 meses y 3 a\u00f1os, acompa\u00f1ados por la Asociaci\u00f3n Madres FAMI. La entrega no solo signific\u00f3 nuevos equipos para el aprendizaje. Tambi\u00e9n represent\u00f3 un gesto de respaldo al trabajo silencioso y constante de las madres&#8230; <\/p>\n","protected":false},"author":3,"featured_media":59529,"comment_status":"closed","ping_status":"closed","sticky":false,"template":"","format":"standard","meta":{"footnotes":"","_links_to":"","_links_to_target":""},"categories":[3,1383,1450],"tags":[292,297,285],"class_list":["post-59528","post","type-post","status-publish","format-standard","has-post-thumbnail","hentry","category-ciudad","category-comunidad-ciudad","category-parasladers","tag-ciudad","tag-comunidad","tag-destacada"],"_links":{"self":[{"href":"https:\/\/revistazetta.com\/index.php?rest_route=\/wp\/v2\/posts\/59528","targetHints":{"allow":["GET"]}}],"collection":[{"href":"https:\/\/revistazetta.com\/index.php?rest_route=\/wp\/v2\/posts"}],"about":[{"href":"https:\/\/revistazetta.com\/index.php?rest_route=\/wp\/v2\/types\/post"}],"author":[{"embeddable":true,"href":"https:\/\/revistazetta.com\/index.php?rest_route=\/wp\/v2\/users\/3"}],"replies":[{"embeddable":true,"href":"https:\/\/revistazetta.com\/index.php?rest_route=%2Fwp%2Fv2%2Fcomments&post=59528"}],"version-history":[{"count":0,"href":"https:\/\/revistazetta.com\/index.php?rest_route=\/wp\/v2\/posts\/59528\/revisions"}],"wp:featuredmedia":[{"embeddable":true,"href":"https:\/\/revistazetta.com\/index.php?rest_route=\/wp\/v2\/media\/59529"}],"wp:attachment":[{"href":"https:\/\/revistazetta.com\/index.php?rest_route=%2Fwp%2Fv2%2Fmedia&parent=59528"}],"wp:term":[{"taxonomy":"category","embeddable":true,"href":"https:\/\/revistazetta.com\/index.php?rest_route=%2Fwp%2Fv2%2Fcategories&post=59528"},{"taxonomy":"post_tag","embeddable":true,"href":"https:\/\/revistazetta.com\/index.php?rest_route=%2Fwp%2Fv2%2Ftags&post=59528"}],"curies":[{"name":"wp","href":"https:\/\/api.w.org\/{rel}","templated":true}]}}