{"id":59536,"date":"2026-03-13T09:37:02","date_gmt":"2026-03-13T14:37:02","guid":{"rendered":"https:\/\/revistazetta.com\/?p=59536"},"modified":"2026-03-13T09:37:02","modified_gmt":"2026-03-13T14:37:02","slug":"comfenalco-reconocido-a-nivel-nacional-por-su-liderazgo-en-sostenibilidad-y-su-aporte-a-la-reduccion-de-la-desigualdad","status":"publish","type":"post","link":"https:\/\/revistazetta.com\/?p=59536","title":{"rendered":"Comfenalco reconocido a nivel nacional por su liderazgo en sostenibilidad y su aporte a la reducci\u00f3n de la desigualdad"},"content":{"rendered":"<p><b>Cartagena de Indias, 13 de marzo de 2026<\/b> \u2013 Comfenalco fue reconocido en la quinta edici\u00f3n del Reconocimiento Empresa Sostenible, otorgado por el Consejo Empresarial Colombiano para el Desarrollo Sostenible (CECODES), una distinci\u00f3n que destaca a las organizaciones que est\u00e1n liderando la transformaci\u00f3n hacia modelos de negocio m\u00e1s responsables, competitivos y sostenibles en Colombia.<\/p>\n<p>Durante el evento, que reuni\u00f3 en Bogot\u00e1 a l\u00edderes empresariales, aliados estrat\u00e9gicos y medios de comunicaci\u00f3n, se reconoci\u00f3 a las compa\u00f1\u00edas que integran la sostenibilidad en el coraz\u00f3n de su estrategia corporativa y que generan valor ambiental, social y econ\u00f3mico a trav\u00e9s de sus iniciativas.<\/p>\n<p style=\"padding-left: 40px;\">Comfenalco recibi\u00f3 el reconocimiento en el criterio \u201cAbordaje de la desigualdad con enfoque empresarial\u201d, gracias a su impacto en el desarrollo social y en la generaci\u00f3n de oportunidades para las comunidades, contribuyendo a mejorar la calidad de vida de miles de familias en el departamento de Bol\u00edvar.<\/p>\n<p>Para Jaime Trucco del Castillo, director de Comfenalco Cartagena, este reconocimiento representa un motivo de orgullo para la organizaci\u00f3n y reafirma su compromiso con el desarrollo social del territorio.<\/p>\n<blockquote><p>\u201cEs un gran honor para Comfenalco, una empresa local comprometida con Cartagena y el departamento de Bol\u00edvar, estar entre tan importantes empresas y conglomerados del pa\u00eds. Las cajas de compensaci\u00f3n fuimos creadas precisamente para abordar la desigualdad, y hoy seguimos trabajando con un enfoque de equidad, inclusi\u00f3n y cercan\u00eda con las comunidades\u201d.<\/p><\/blockquote>\n<p>El directivo tambi\u00e9n destac\u00f3 que este logro es el resultado del trabajo colectivo de la organizaci\u00f3n y del compromiso de su equipo humano con la sostenibilidad y el bienestar social.<\/p>\n<p>\u201cEn nombre de los colaboradores de Comfenalco, muchas gracias\u201d.<\/p>\n<p>El evento tambi\u00e9n incluy\u00f3 un espacio de di\u00e1logo entre l\u00edderes empresariales sobre el papel del sector privado frente a los desaf\u00edos ambientales y sociales actuales, resaltando la importancia de integrar criterios ambientales, sociales y de gobernanza en la estrategia corporativa para fortalecer la resiliencia y competitividad de las empresas.<\/p>\n<p>En el marco de la jornada, CECODES anunci\u00f3 adem\u00e1s el Programa de Econom\u00eda Circular, una iniciativa basada en el protocolo del World Business Council for Sustainable Development (WBCSD), que busca acompa\u00f1ar a las empresas en la transici\u00f3n hacia modelos productivos m\u00e1s eficientes, circulares y regenerativos, promoviendo la innovaci\u00f3n, el uso responsable de los recursos y nuevas oportunidades de negocio sostenibles.<\/p>\n<p>Con este reconocimiento, Comfenalco Cartagena reafirma su compromiso de seguir impulsando iniciativas que promuevan equidad, inclusi\u00f3n, bienestar y desarrollo sostenible, contribuyendo al progreso social y econ\u00f3mico de la regi\u00f3n y del pa\u00eds.<\/p>\n<p><img loading=\"lazy\" decoding=\"async\" class=\"alignnone size-medium wp-image-59537\" src=\"https:\/\/revistazetta.com\/wp-content\/uploads\/2026\/03\/AS5I1724-475x333.jpg\" alt=\"\" width=\"475\" height=\"333\" srcset=\"https:\/\/revistazetta.com\/wp-content\/uploads\/2026\/03\/AS5I1724-475x333.jpg 475w, https:\/\/revistazetta.com\/wp-content\/uploads\/2026\/03\/AS5I1724-1024x718.jpg 1024w, https:\/\/revistazetta.com\/wp-content\/uploads\/2026\/03\/AS5I1724-231x162.jpg 231w, https:\/\/revistazetta.com\/wp-content\/uploads\/2026\/03\/AS5I1724-1536x1077.jpg 1536w, https:\/\/revistazetta.com\/wp-content\/uploads\/2026\/03\/AS5I1724-2048x1436.jpg 2048w\" sizes=\"auto, (max-width: 475px) 100vw, 475px\" \/><\/p>\n","protected":false},"excerpt":{"rendered":"<p>Cartagena de Indias, 13 de marzo de 2026 \u2013 Comfenalco fue reconocido en la quinta edici\u00f3n del Reconocimiento Empresa Sostenible, otorgado por el Consejo Empresarial Colombiano para el Desarrollo Sostenible (CECODES), una distinci\u00f3n que destaca a las organizaciones que est\u00e1n liderando la transformaci\u00f3n hacia modelos de negocio m\u00e1s responsables, competitivos y sostenibles en Colombia. Durante el evento, que reuni\u00f3 en Bogot\u00e1 a l\u00edderes empresariales, aliados estrat\u00e9gicos y medios de comunicaci\u00f3n, se reconoci\u00f3 a las compa\u00f1\u00edas que integran la sostenibilidad en el coraz\u00f3n de su estrategia corporativa y que generan valor&#8230; <\/p>\n","protected":false},"author":3,"featured_media":59538,"comment_status":"closed","ping_status":"closed","sticky":false,"template":"","format":"standard","meta":{"footnotes":"","_links_to":"","_links_to_target":""},"categories":[3,1450,50],"tags":[292,1781,285,306],"class_list":["post-59536","post","type-post","status-publish","format-standard","has-post-thumbnail","hentry","category-ciudad","category-parasladers","category-empresa","tag-ciudad","tag-comfenalco","tag-destacada","tag-empresa"],"_links":{"self":[{"href":"https:\/\/revistazetta.com\/index.php?rest_route=\/wp\/v2\/posts\/59536","targetHints":{"allow":["GET"]}}],"collection":[{"href":"https:\/\/revistazetta.com\/index.php?rest_route=\/wp\/v2\/posts"}],"about":[{"href":"https:\/\/revistazetta.com\/index.php?rest_route=\/wp\/v2\/types\/post"}],"author":[{"embeddable":true,"href":"https:\/\/revistazetta.com\/index.php?rest_route=\/wp\/v2\/users\/3"}],"replies":[{"embeddable":true,"href":"https:\/\/revistazetta.com\/index.php?rest_route=%2Fwp%2Fv2%2Fcomments&post=59536"}],"version-history":[{"count":0,"href":"https:\/\/revistazetta.com\/index.php?rest_route=\/wp\/v2\/posts\/59536\/revisions"}],"wp:featuredmedia":[{"embeddable":true,"href":"https:\/\/revistazetta.com\/index.php?rest_route=\/wp\/v2\/media\/59538"}],"wp:attachment":[{"href":"https:\/\/revistazetta.com\/index.php?rest_route=%2Fwp%2Fv2%2Fmedia&parent=59536"}],"wp:term":[{"taxonomy":"category","embeddable":true,"href":"https:\/\/revistazetta.com\/index.php?rest_route=%2Fwp%2Fv2%2Fcategories&post=59536"},{"taxonomy":"post_tag","embeddable":true,"href":"https:\/\/revistazetta.com\/index.php?rest_route=%2Fwp%2Fv2%2Ftags&post=59536"}],"curies":[{"name":"wp","href":"https:\/\/api.w.org\/{rel}","templated":true}]}}