{"id":59557,"date":"2026-03-19T18:26:29","date_gmt":"2026-03-19T23:26:29","guid":{"rendered":"https:\/\/revistazetta.com\/?p=59557"},"modified":"2026-03-19T18:26:29","modified_gmt":"2026-03-19T23:26:29","slug":"convocatoria-seleccion-colombia-masculina-de-mayores-partidos-amistosos-vs-croacia-y-francia-marzo-2026","status":"publish","type":"post","link":"https:\/\/revistazetta.com\/?p=59557","title":{"rendered":"Convocatoria Selecci\u00f3n Colombia Masculina de Mayores: partidos amistosos vs. Croacia y Francia \u2013 marzo 2026"},"content":{"rendered":"<p id=\"brxe-ztnndd\" class=\"brxe-heading\"><strong>Bogot\u00e1, 19 de marzo de 2026.-<\/strong> <span style=\"font-size: 16px;\">El Departamento Deportivo de la Federaci\u00f3n Colombiana de F\u00fatbol \u2013 FCF, junto con el Cuerpo T\u00e9cnico de la Selecci\u00f3n Colombia de Mayores, liderado por el director t\u00e9cnico N\u00e9stor Lorenzo,<\/span>\u00a0informa la lista de jugadores convocados para la doble fecha de amistosos internacionales de<span style=\"font-size: 16px;\"> marzo.<\/span><\/p>\n<div id=\"brxe-zeurfh\" class=\"brxe-text\">\n<p>La Selecci\u00f3n concentrar\u00e1 en Orlando (Florida, Estados Unidos)<strong>\u00a0desde el pr\u00f3ximo s\u00e1bado 21 de marzo hasta el 26 del mismo mes<\/strong> para enfrentar el primer encuentro ante Croacia en el Camping World Stadium. Posteriormente, La Sele viajar\u00e1 a Washington D.C. para jugar el segundo compromiso de la ventana FIFA ante Francia.<\/p>\n<p><strong>A continuaci\u00f3n la lista de los 26 jugadores convocados:<\/strong><\/p>\n<p><strong>\u00c1lvaro Montero \u2013 V\u00e9lez Sarsfield (ARG)<\/strong><br \/>\n<strong>Camilo Vargas \u2013 Atlas (M\u00c9X)<\/strong><br \/>\n<strong>Carlos G\u00f3mez \u2013 Vasco da Gama (BRA)<\/strong><br \/>\n<strong>Daniel Mu\u00f1oz \u2013 Crystal Palace (ENG)<\/strong><br \/>\n<strong>David Ospina \u2013 Atl\u00e9tico Nacional<\/strong><br \/>\n<strong>D\u00e1vinson S\u00e1nchez \u2013 Galatasaray S.K. (TUR)<\/strong><br \/>\n<strong>D\u00e9iver Machado \u2013 FC Nantes (FRA)<\/strong><br \/>\n<strong>Gustavo Puerta \u2013 Racing de Santander (ESP)<\/strong><br \/>\n<strong>James Rodr\u00edguez \u2013 Minnesota United F. C. (USA)<\/strong><br \/>\n<strong>Jaminton Campaz \u2013 C.A. Rosario Central (ARG)<\/strong><br \/>\n<strong>Jefferson Lerma \u2013 Crystal Palace (ENG)<\/strong><br \/>\n<strong>Jhon Arias \u2013 S.E. Palmeiras (BRA)<\/strong><br \/>\n<strong>Jhon C\u00f3rdoba \u2013 F. C. Krasnodar (RUS)<\/strong><br \/>\n<strong>Jhon Lucum\u00ed \u2013 Bologna F. C. (ITA)<\/strong><br \/>\n<strong>Johan Carbonero \u2013 Internacional S.C.<\/strong> <strong>(BRA)<\/strong><br \/>\n<strong>Johan Mojica \u2013 R. C. D. Mallorca (ESP)<\/strong><br \/>\n<strong>Jorge Carrascal \u2013 Flamengo (BRA)<\/strong><br \/>\n<strong>Juan David Cabal \u2013 Juventus (ITA)<\/strong><br \/>\n<strong>Juan Fernando Quintero \u2013 River Plate (ARG)<\/strong><br \/>\n<strong>Kevin Casta\u00f1o \u2013 River Plate (ARG)<\/strong><br \/>\n<strong>Luis Diaz \u2013 Bayern M\u00fanich (GER)<\/strong><br \/>\n<strong>Luis Su\u00e1rez \u2013 Sporting Club (POR)<\/strong><br \/>\n<strong>Rafael Santos Borr\u00e9 \u2013 Internacional S.C.<\/strong> <strong>(BRA)<\/strong><br \/>\n<strong>Richard R\u00edos \u2013 S.L. Benfica (POR)<\/strong><br \/>\n<strong>Santiago Arias \u2013 C.A. Independiente (ARG)<br \/>\nYerson Mosquera \u2013 Wolverhampton Wanderers F. C. (ENG)<\/strong><\/p>\n<\/div>\n","protected":false},"excerpt":{"rendered":"<p>Bogot\u00e1, 19 de marzo de 2026.- El Departamento Deportivo de la Federaci\u00f3n Colombiana de F\u00fatbol \u2013 FCF, junto con el Cuerpo T\u00e9cnico de la Selecci\u00f3n Colombia de Mayores, liderado por el director t\u00e9cnico N\u00e9stor Lorenzo,\u00a0informa la lista de jugadores convocados para la doble fecha de amistosos internacionales de marzo. La Selecci\u00f3n concentrar\u00e1 en Orlando (Florida, Estados Unidos)\u00a0desde el pr\u00f3ximo s\u00e1bado 21 de marzo hasta el 26 del mismo mes para enfrentar el primer encuentro ante Croacia en el Camping World Stadium. Posteriormente, La Sele viajar\u00e1 a Washington D.C. para jugar&#8230; <\/p>\n","protected":false},"author":3,"featured_media":59558,"comment_status":"closed","ping_status":"closed","sticky":false,"template":"","format":"standard","meta":{"footnotes":"","_links_to":"","_links_to_target":""},"categories":[53,1450,54],"tags":[308,285,311],"class_list":["post-59557","post","type-post","status-publish","format-standard","has-post-thumbnail","hentry","category-deportes","category-parasladers","category-futbol","tag-deportes","tag-destacada","tag-futbol"],"_links":{"self":[{"href":"https:\/\/revistazetta.com\/index.php?rest_route=\/wp\/v2\/posts\/59557","targetHints":{"allow":["GET"]}}],"collection":[{"href":"https:\/\/revistazetta.com\/index.php?rest_route=\/wp\/v2\/posts"}],"about":[{"href":"https:\/\/revistazetta.com\/index.php?rest_route=\/wp\/v2\/types\/post"}],"author":[{"embeddable":true,"href":"https:\/\/revistazetta.com\/index.php?rest_route=\/wp\/v2\/users\/3"}],"replies":[{"embeddable":true,"href":"https:\/\/revistazetta.com\/index.php?rest_route=%2Fwp%2Fv2%2Fcomments&post=59557"}],"version-history":[{"count":0,"href":"https:\/\/revistazetta.com\/index.php?rest_route=\/wp\/v2\/posts\/59557\/revisions"}],"wp:featuredmedia":[{"embeddable":true,"href":"https:\/\/revistazetta.com\/index.php?rest_route=\/wp\/v2\/media\/59558"}],"wp:attachment":[{"href":"https:\/\/revistazetta.com\/index.php?rest_route=%2Fwp%2Fv2%2Fmedia&parent=59557"}],"wp:term":[{"taxonomy":"category","embeddable":true,"href":"https:\/\/revistazetta.com\/index.php?rest_route=%2Fwp%2Fv2%2Fcategories&post=59557"},{"taxonomy":"post_tag","embeddable":true,"href":"https:\/\/revistazetta.com\/index.php?rest_route=%2Fwp%2Fv2%2Ftags&post=59557"}],"curies":[{"name":"wp","href":"https:\/\/api.w.org\/{rel}","templated":true}]}}