{"id":5972,"date":"2015-05-01T10:18:13","date_gmt":"2015-05-01T15:18:13","guid":{"rendered":"http:\/\/www.revistazetta.com\/?p=5972"},"modified":"2015-05-01T10:18:56","modified_gmt":"2015-05-01T15:18:56","slug":"asamblea-clausura-fructiferas-sesiones","status":"publish","type":"post","link":"https:\/\/revistazetta.com\/?p=5972","title":{"rendered":"Asamblea clausura fruct\u00edferas sesiones"},"content":{"rendered":"<p><a href=\"https:\/\/www.revistazetta.com\/wp-content\/uploads\/2015\/05\/Duma-clausura-3.jpg\"><img loading=\"lazy\" decoding=\"async\" class=\" size-medium wp-image-5974 alignright\" src=\"https:\/\/www.revistazetta.com\/wp-content\/uploads\/2015\/05\/Duma-clausura-3-300x188.jpg\" alt=\"Duma clausura 3\" width=\"300\" height=\"188\" srcset=\"https:\/\/revistazetta.com\/wp-content\/uploads\/2015\/05\/Duma-clausura-3-300x188.jpg 300w, https:\/\/revistazetta.com\/wp-content\/uploads\/2015\/05\/Duma-clausura-3.jpg 576w\" sizes=\"auto, (max-width: 300px) 100vw, 300px\" \/><\/a>Un fruct\u00edfero periodo de sesiones ordinarias concluy\u00f3 la Asamblea Departamental de Bol\u00edvar, con instrumentos optimizados para el desarrollo del departamento mediante ordenanzas.<\/p>\n<p>El presidente de la Duma, Jorge Rodr\u00edguez Sosa, resalt\u00f3 el rigor en los debates de control pol\u00edtico, que propiciaron el reenrutamiento de algunas dependencias departamentales que estaban rezagas en el cumplimiento del Plan de Desarrollo, y se tramitaron proyectos de ordenanza que terminaron enriquecidos y optimizados.<\/p>\n<p>Rodr\u00edguez sosa resalt\u00f3 el proyecto que permiti\u00f3 avanzar en la liquidaci\u00f3n del Fondo Departamental de Tr\u00e1nsito y Transporte, pues sin el an\u00e1lisis y autorizaci\u00f3n de la Asamblea no hubiese sido posible el pago de obligaciones laborales registrado esta semana.<\/p>\n<p>La mayor\u00eda de los secretarios de Despacho de la Gobernaci\u00f3n de Bol\u00edvar acudi\u00f3 a los debates de control pol\u00edtico en la Duma, algunos con puntualidad y otros con postergaciones, lo que vali\u00f3 contemplar en alg\u00fan momento la moci\u00f3n de censura. Al respecto, el gobierno departamental respald\u00f3 tal posici\u00f3n pues la orden del gobernador Juan Carlos Gossa\u00edn a sus secretarios es darle prioridad a los debates de control pol\u00edtico en la Asamblea Departamental.<\/p>\n<p><a href=\"https:\/\/www.revistazetta.com\/wp-content\/uploads\/2015\/05\/Duma-clausura-4.jpg\"><img loading=\"lazy\" decoding=\"async\" class=\" size-medium wp-image-5975 alignleft\" src=\"https:\/\/www.revistazetta.com\/wp-content\/uploads\/2015\/05\/Duma-clausura-4-300x188.jpg\" alt=\"Duma clausura 4\" width=\"300\" height=\"188\" \/><\/a><strong>Estos son los proyectos de ordenanza tramitados en la Asamblea Departamental:<\/strong><\/p>\n<p>1.- \u00abProyecto de ordenanza por medio de la cual se adopta la pol\u00edtica publica de envejecimiento y vejez para el departamento de Bol\u00edvar 2015-2027\u00bb<\/p>\n<p>2.- \u00abPor medio de la cual se crean las figuras del contralor escolar, contralor auxiliar y las redes de contralores escolares en las instituciones educativas oficiales del departamento de Bol\u00edvar y se dictan otras disposiciones\u00bb<\/p>\n<p>3.- \u00abPor medio de la cual se incorporan y adicionan unos recursos al presupuesto de rentas e ingresos y apropiaciones para gastos del departamento de Bol\u00edvar, vigencia fiscal 2015 del sector salud, por la suma de treinta y tres mil sesenta millones seiscientos y treinta nueve mil setecientos cuarenta pesos ($33.060.639.740)\u00bb.<\/p>\n<p>4.- \u00abPor medio de la cual se efect\u00faa una incorporaci\u00f3n de recursos y se abren cr\u00e9ditos en el presupuesto de ingresos y apropiaciones para gastos de la vigencia fiscal 2015 y se dictan otras disposiciones\u00bb<\/p>\n<p>5.- \u00abPor medio del cual se incorporan y adicionan unos recursos al presupuesto de rentas e ingresos y apropiaciones para gastos del departamento de Bol\u00edvar vigencia fiscal 2015 -sector salud- por la suma de mil cuatrocientos cincuenta y cinco millones trescientos noventa y ocho pesos ($1.455.398.000.00)\u00bb<\/p>\n<p>6.- \u00abPor medio de la cual se modifica la ordenanza N\u00ba34 de 2013 y se dictan otras disposiciones\u00bb<\/p>\n<p>7.- \u00abPor medio de la cual se efect\u00faa una incorporan, en el presupuesto de rentas e ingreso y apropiaciones para gastos del departamento de Bol\u00edvar, para la vigencia fiscal comprendida entre 1o de enero y el 31 de diciembre de 2015\u00bb, por la suma de dos mil nueve millones ciento sesenta y cuatro mil sesenta y tres pesos m\/c ($2.009.164.063,00).<\/p>\n","protected":false},"excerpt":{"rendered":"<p>Un fruct\u00edfero periodo de sesiones ordinarias concluy\u00f3 la Asamblea Departamental de Bol\u00edvar, con instrumentos optimizados para el desarrollo del departamento mediante ordenanzas. El presidente de la Duma, Jorge Rodr\u00edguez Sosa, resalt\u00f3 el rigor en los debates de control pol\u00edtico, que propiciaron el reenrutamiento de algunas dependencias departamentales que estaban rezagas en el cumplimiento del Plan de Desarrollo, y se tramitaron proyectos de ordenanza que terminaron enriquecidos y optimizados. Rodr\u00edguez sosa resalt\u00f3 el proyecto que permiti\u00f3 avanzar en la liquidaci\u00f3n del Fondo Departamental de Tr\u00e1nsito y Transporte, pues sin el an\u00e1lisis&#8230; <\/p>\n","protected":false},"author":3,"featured_media":5973,"comment_status":"open","ping_status":"closed","sticky":false,"template":"","format":"standard","meta":{"footnotes":"","_links_to":"","_links_to_target":""},"categories":[28,4],"tags":[],"class_list":["post-5972","post","type-post","status-publish","format-standard","has-post-thumbnail","hentry","category-politica-asamblea","category-politica"],"_links":{"self":[{"href":"https:\/\/revistazetta.com\/index.php?rest_route=\/wp\/v2\/posts\/5972","targetHints":{"allow":["GET"]}}],"collection":[{"href":"https:\/\/revistazetta.com\/index.php?rest_route=\/wp\/v2\/posts"}],"about":[{"href":"https:\/\/revistazetta.com\/index.php?rest_route=\/wp\/v2\/types\/post"}],"author":[{"embeddable":true,"href":"https:\/\/revistazetta.com\/index.php?rest_route=\/wp\/v2\/users\/3"}],"replies":[{"embeddable":true,"href":"https:\/\/revistazetta.com\/index.php?rest_route=%2Fwp%2Fv2%2Fcomments&post=5972"}],"version-history":[{"count":0,"href":"https:\/\/revistazetta.com\/index.php?rest_route=\/wp\/v2\/posts\/5972\/revisions"}],"wp:featuredmedia":[{"embeddable":true,"href":"https:\/\/revistazetta.com\/index.php?rest_route=\/wp\/v2\/media\/5973"}],"wp:attachment":[{"href":"https:\/\/revistazetta.com\/index.php?rest_route=%2Fwp%2Fv2%2Fmedia&parent=5972"}],"wp:term":[{"taxonomy":"category","embeddable":true,"href":"https:\/\/revistazetta.com\/index.php?rest_route=%2Fwp%2Fv2%2Fcategories&post=5972"},{"taxonomy":"post_tag","embeddable":true,"href":"https:\/\/revistazetta.com\/index.php?rest_route=%2Fwp%2Fv2%2Ftags&post=5972"}],"curies":[{"name":"wp","href":"https:\/\/api.w.org\/{rel}","templated":true}]}}