{"id":59998,"date":"2026-09-02T06:22:55","date_gmt":"2026-09-02T11:22:55","guid":{"rendered":"https:\/\/revistazetta.com\/?p=59998"},"modified":"2026-09-02T06:22:55","modified_gmt":"2026-09-02T11:22:55","slug":"hay-mujeres-que-no-esperan-a-que-las-cosas-sucedan-las-hacen-posibles-imprimen-una-huella-y-labran-un-camino-admirable","status":"publish","type":"post","link":"https:\/\/revistazetta.com\/?p=59998","title":{"rendered":"Hay mujeres que no esperan a que las cosas sucedan: las hacen posibles, imprimen una huella y labran un camino admirable"},"content":{"rendered":"<p>Cartagena de Indias, 2 de septiembre de 2026.- <span class=\"a_GcMg font-feature-liga-off font-feature-clig-off font-feature-calt-off text-decoration-none text-strikethrough-none\">En Revista Zetta creemos que hay mujeres que no esperan a que las cosas sucedan: las hacen posibles, imprimen una huella y labran un camino admirable.<\/span><\/p>\n<p>Hemos cursado invitaci\u00f3n a 20 mujeres para que reciban este tributo a su liderazgo, bajo el lema \u201cMujeres visibles, mujeres valoradas\u201d en el Homenaje Mujer 2026, que cada a\u00f1o organiza el portal Revista Zetta, y cuya ceremonia se cumple el pr\u00f3ximo 10 de septiembre, a las 7 de la noche, en un auditorio del Centro Historico de Cartagena de Indias.<\/p>\n<p><span class=\"a_GcMg font-feature-liga-off font-feature-clig-off font-feature-calt-off text-decoration-none text-strikethrough-none\">Este Homenaje Mujer se ha consolidado como el principal evento institucional de Revista Zetta, y para este a\u00f1o la ceremonia tendr\u00e1 una conferencista central, cuya trayectoria ha sido ejemplar y meritoria, as\u00ed como una presentaci\u00f3n musical innovadora.<\/span><\/p>\n<p><span class=\"a_GcMg font-feature-liga-off font-feature-clig-off font-feature-calt-off text-decoration-none text-strikethrough-none\">Las homenajeadas se destacadan en actividades acad\u00e9micas, culturales, comerciales, empresariales, gremiales, pol\u00edticas, period\u00edsticas, con un liderazgo ejemplar.<\/span><\/p>\n<p><span class=\"a_GcMg font-feature-liga-off font-feature-clig-off font-feature-calt-off text-decoration-none text-strikethrough-none\">Progresivamente iremos revelando los nombres de las seleccionadas para Homenaje Mujer 2026.<\/span><\/p>\n","protected":false},"excerpt":{"rendered":"<p>Cartagena de Indias, 2 de septiembre de 2026.- En Revista Zetta creemos que hay mujeres que no esperan a que las cosas sucedan: las hacen posibles, imprimen una huella y labran un camino admirable. Hemos cursado invitaci\u00f3n a 20 mujeres para que reciban este tributo a su liderazgo, bajo el lema \u201cMujeres visibles, mujeres valoradas\u201d en el Homenaje Mujer 2026, que cada a\u00f1o organiza el portal Revista Zetta, y cuya ceremonia se cumple el pr\u00f3ximo 10 de septiembre, a las 7 de la noche, en un auditorio del Centro Historico&#8230; <\/p>\n","protected":false},"author":3,"featured_media":59999,"comment_status":"closed","ping_status":"closed","sticky":false,"template":"","format":"standard","meta":{"footnotes":"","_links_to":"","_links_to_target":""},"categories":[1450,2672],"tags":[285,2673],"class_list":["post-59998","post","type-post","status-publish","format-standard","has-post-thumbnail","hentry","category-parasladers","category-homenaje-mujer-2026","tag-destacada","tag-homenaje-mujer-2026"],"_links":{"self":[{"href":"https:\/\/revistazetta.com\/index.php?rest_route=\/wp\/v2\/posts\/59998","targetHints":{"allow":["GET"]}}],"collection":[{"href":"https:\/\/revistazetta.com\/index.php?rest_route=\/wp\/v2\/posts"}],"about":[{"href":"https:\/\/revistazetta.com\/index.php?rest_route=\/wp\/v2\/types\/post"}],"author":[{"embeddable":true,"href":"https:\/\/revistazetta.com\/index.php?rest_route=\/wp\/v2\/users\/3"}],"replies":[{"embeddable":true,"href":"https:\/\/revistazetta.com\/index.php?rest_route=%2Fwp%2Fv2%2Fcomments&post=59998"}],"version-history":[{"count":0,"href":"https:\/\/revistazetta.com\/index.php?rest_route=\/wp\/v2\/posts\/59998\/revisions"}],"wp:featuredmedia":[{"embeddable":true,"href":"https:\/\/revistazetta.com\/index.php?rest_route=\/wp\/v2\/media\/59999"}],"wp:attachment":[{"href":"https:\/\/revistazetta.com\/index.php?rest_route=%2Fwp%2Fv2%2Fmedia&parent=59998"}],"wp:term":[{"taxonomy":"category","embeddable":true,"href":"https:\/\/revistazetta.com\/index.php?rest_route=%2Fwp%2Fv2%2Fcategories&post=59998"},{"taxonomy":"post_tag","embeddable":true,"href":"https:\/\/revistazetta.com\/index.php?rest_route=%2Fwp%2Fv2%2Ftags&post=59998"}],"curies":[{"name":"wp","href":"https:\/\/api.w.org\/{rel}","templated":true}]}}