{"id":60003,"date":"2026-09-02T16:44:31","date_gmt":"2026-09-02T21:44:31","guid":{"rendered":"https:\/\/revistazetta.com\/?p=60003"},"modified":"2026-09-02T16:44:31","modified_gmt":"2026-09-02T21:44:31","slug":"congresistas-camila-salas-y-mauricio-toro-crean-comision-accidental-para-el-emprendimiento-competitividad-e-innovacion","status":"publish","type":"post","link":"https:\/\/revistazetta.com\/?p=60003","title":{"rendered":"Congresistas Camila Salas y Mauricio Toro crean comisi\u00f3n Accidental para el Emprendimiento, Competitividad e Innovaci\u00f3n"},"content":{"rendered":"<p><i>La nueva Comisi\u00f3n de la C\u00e1mara buscar\u00e1 remover barreras de tramitolog\u00eda, fortalecer el tejido empresarial<\/i><i> <\/i><i>y<\/i><i> <\/i><i>convertir<\/i><i> <\/i><i>el<\/i><i> <\/i><i>di\u00e1logo<\/i><i> <\/i><i>con<\/i><i> <\/i><i>emprendedores<\/i><i> <\/i><i>y<\/i><i> <\/i><i>mipymes<\/i><i> <\/i><i>en<\/i><i> <\/i><i>iniciativas<\/i><i> <\/i><i>y<\/i><i> <\/i><i>decisiones<\/i><i> <\/i><i>concretas.<\/i><\/p>\n<p><b>Bogot\u00e1 D. C., 2 de septiembre de 2026. <\/b>Los representantes a la C\u00e1mara Mar\u00eda Camila Salas y Mauricio Andr\u00e9s Toro Orjuela crearon, con el concurso de congresistas de distintas regiones y partidos, la Comisi\u00f3n Accidental para el Emprendimiento, la Competitividad y la Innovaci\u00f3n.<\/p>\n<p>La iniciativa re\u00fane a Diego Garc\u00eda, Samir Radi, Eimy Su\u00e1rez, Daniel Brice\u00f1o, Santiago Castro, Jaime Arizabaleta, Juan Pablo Rojas, Sim\u00f3n Molina, Carol Borda, Laura Beltr\u00e1n, Mar\u00eda del Mar Pizarro, Ingrid Sogamoso, Carlos Pantoja, Camilo G\u00f3mez, Pedro Paternina, Jorge Figueroa, V\u00edctor Salcedo y Luis Guillermo Pati\u00f1o entre otros.<\/p>\n<p>La Comisi\u00f3n nace para que la capacidad de trabajo de los colombianos no siga perdi\u00e9ndose entre tr\u00e1mites, impuestos dif\u00edciles de entender, permisos y barreras que frenan la creaci\u00f3n y el crecimiento empresarial. Ser\u00e1 un espacio para impulsar proyectos de ley y promover concertaci\u00f3n, articulaci\u00f3n y construcci\u00f3n de iniciativas legislativas, pol\u00edticas p\u00fablicas y acciones institucionales que fortalezcan el tejido empresarial y la competitividad desde las regiones.<\/p>\n<p>Se busca que buenas ideas puedan convertirse en empresas que crezcan, generen empleo y construyan una Colombia m\u00e1s competitiva y pr\u00f3spera. La competitividad se siente desde la capacidad de una empresa para generar empleo, un emprendedor que mantiene su modelo y crece, en una persona que encuentra trabajo y en una familia que mejora sus ingresos.<\/p>\n<p><strong><i>Una<\/i><i> <\/i><i>agenda<\/i><i> <\/i><i>construida<\/i><i> <\/i><i>con<\/i><i> <\/i><i>aliados<\/i><\/strong><i><\/i><\/p>\n<p>El lanzamiento se realiz\u00f3 en el marco del consejo ampliado del Consejo Privado de Competitividad quien ejercer\u00e1 la secretar\u00eda t\u00e9cnica. Tambi\u00e9n participar\u00e1n emprendedores, gremios, c\u00e1maras de comercio, universidades, centros de pensamiento y entidades nacionales y territoriales. Entre los aliados iniciales est\u00e1n la ANDI del futuro, ANDI &#8211; C\u00e1mara de Industria Digital y de Servicios, la C\u00e1mara Colombiana de Comercio Electr\u00f3nico, Alianza IN, Confec\u00e1maras, entre otros.<\/p>\n<p>Se impulsar\u00e1 una agenda orientada a simplificar tr\u00e1mites, recuperar la confianza inversionista y fortalecer el crecimiento de las mipymes, la formalizaci\u00f3n y el acceso a financiamiento y mercados; al tiempo que promueva la formaci\u00f3n pertinente para el trabajo, la innovaci\u00f3n, la diversificaci\u00f3n y sofisticaci\u00f3n de los sectores productivos, la inserci\u00f3n en cadenas globales de valor y el cierre de brechas regionales.<\/p>\n","protected":false},"excerpt":{"rendered":"<p>La nueva Comisi\u00f3n de la C\u00e1mara buscar\u00e1 remover barreras de tramitolog\u00eda, fortalecer el tejido empresarial y convertir el di\u00e1logo con emprendedores y mipymes en iniciativas y decisiones concretas. Bogot\u00e1 D. C., 2 de septiembre de 2026. Los representantes a la C\u00e1mara Mar\u00eda Camila Salas y Mauricio Andr\u00e9s Toro Orjuela crearon, con el concurso de congresistas de distintas regiones y partidos, la Comisi\u00f3n Accidental para el Emprendimiento, la Competitividad y la Innovaci\u00f3n. La iniciativa re\u00fane a Diego Garc\u00eda, Samir Radi, Eimy Su\u00e1rez, Daniel Brice\u00f1o, Santiago Castro, Jaime Arizabaleta, Juan Pablo Rojas,&#8230; <\/p>\n","protected":false},"author":3,"featured_media":60004,"comment_status":"closed","ping_status":"closed","sticky":false,"template":"","format":"standard","meta":{"footnotes":"","_links_to":"","_links_to_target":""},"categories":[336,1450,4],"tags":[338,883,285,298],"class_list":["post-60003","post","type-post","status-publish","format-standard","has-post-thumbnail","hentry","category-camara-de-representantes","category-parasladers","category-politica","tag-camara-de-representantes","tag-camila-salas","tag-destacada","tag-politica"],"_links":{"self":[{"href":"https:\/\/revistazetta.com\/index.php?rest_route=\/wp\/v2\/posts\/60003","targetHints":{"allow":["GET"]}}],"collection":[{"href":"https:\/\/revistazetta.com\/index.php?rest_route=\/wp\/v2\/posts"}],"about":[{"href":"https:\/\/revistazetta.com\/index.php?rest_route=\/wp\/v2\/types\/post"}],"author":[{"embeddable":true,"href":"https:\/\/revistazetta.com\/index.php?rest_route=\/wp\/v2\/users\/3"}],"replies":[{"embeddable":true,"href":"https:\/\/revistazetta.com\/index.php?rest_route=%2Fwp%2Fv2%2Fcomments&post=60003"}],"version-history":[{"count":0,"href":"https:\/\/revistazetta.com\/index.php?rest_route=\/wp\/v2\/posts\/60003\/revisions"}],"wp:featuredmedia":[{"embeddable":true,"href":"https:\/\/revistazetta.com\/index.php?rest_route=\/wp\/v2\/media\/60004"}],"wp:attachment":[{"href":"https:\/\/revistazetta.com\/index.php?rest_route=%2Fwp%2Fv2%2Fmedia&parent=60003"}],"wp:term":[{"taxonomy":"category","embeddable":true,"href":"https:\/\/revistazetta.com\/index.php?rest_route=%2Fwp%2Fv2%2Fcategories&post=60003"},{"taxonomy":"post_tag","embeddable":true,"href":"https:\/\/revistazetta.com\/index.php?rest_route=%2Fwp%2Fv2%2Ftags&post=60003"}],"curies":[{"name":"wp","href":"https:\/\/api.w.org\/{rel}","templated":true}]}}