{"id":60005,"date":"2026-09-02T17:07:18","date_gmt":"2026-09-02T22:07:18","guid":{"rendered":"https:\/\/revistazetta.com\/?p=60005"},"modified":"2026-09-02T17:07:18","modified_gmt":"2026-09-02T22:07:18","slug":"hasta-100-anos-nadia-blel-propone-penas-mas-severas-para-crimenes-gravisimos-contra-los-ninos","status":"publish","type":"post","link":"https:\/\/revistazetta.com\/?p=60005","title":{"rendered":"\u201cHasta 100 a\u00f1os\u201d: Nadia Blel propone penas m\u00e1s severas para cr\u00edmenes grav\u00edsimos contra los ni\u00f1os"},"content":{"rendered":"<ul>\n<li><span style=\"color: #0000ff;\"><strong><em>En 2025, 660 menores de edad fueron asesinados en Colombia y Medicina Legal atendi\u00f3 m\u00e1s de 16.500 casos relacionados con violencia sexual contra ni\u00f1os, ni\u00f1as y adolescentes.<\/em><\/strong><\/span><\/li>\n<li><span style=\"color: #0000ff;\"><strong><em>La iniciativa busca permitir penas de prisi\u00f3n excepcionalmente altas para quienes asesinen o cometan delitos sexuales graves contra ni\u00f1os, ni\u00f1as y adolescentes.<\/em><\/strong><\/span><\/li>\n<\/ul>\n<p><strong>Bogot\u00e1, 2 de septiembre de 2026.-<\/strong> Con el fin de fortalecer la protecci\u00f3n de los ni\u00f1os, ni\u00f1as y adolescentes frente a los delitos m\u00e1s graves cometidos en su contra, la senadora Nadia Blel y la bancada conservadora radicaron este mi\u00e9rcoles el proyecto de acto legislativo que busca que quienes asesinen o abusen sexualmente de nuestros ni\u00f1os puedan recibir penas de prisi\u00f3n excepcionalmente altas, de hasta el doble de la pena m\u00e1xima que establece actualmente la ley penal.<\/p>\n<p>_\u201cEsta iniciativa responde a un sentir ciudadano, a la indignaci\u00f3n y al dolor de ver que m\u00e1s de 600 ni\u00f1os fueron v\u00edctimas de homicidio en 2025. Frente a cr\u00edmenes tan atroces, la respuesta del Estado no puede ser insuficiente frente a la dimensi\u00f3n del da\u00f1o causado. Estamos convencidos de que, cuando se trata de los cr\u00edmenes m\u00e1s graves contra nuestros ni\u00f1os, la justicia tiene que responder con firmeza\u201d_, afirm\u00f3 la senadora Nadia Blel.<\/p>\n<p>Y es que justamente, seg\u00fan el bolet\u00edn de Medicina Legal, durante el a\u00f1o pasado fueron asesinados en Colombia 660 menores de edad y se realizaron 16.533 valoraciones a ni\u00f1os, ni\u00f1as y adolescentes, relacionadas con delitos sexuales.<\/p>\n<p>La situaci\u00f3n actual es a\u00fan m\u00e1s preocupante. Durante enero-junio de 2026 se registraron 339 homicidios de menores, frente a 313 en el mismo periodo de 2025, lo que representa un incremento del 8,31 %. En este mismo periodo se practicaron 7.307 ex\u00e1menes m\u00e9dico-legales por presunto delito sexual a menores de edad.<\/p>\n<p>Detr\u00e1s de estas cifras hay historias que Colombia no puede olvidar, como la de Mar\u00eda Camila Plazas, la ni\u00f1a de 10 a\u00f1os asesinada en Pitalito despu\u00e9s de que un hombre, con antecedentes por actos sexuales, ingresara a su vivienda, o la de Michel Dayana Gonz\u00e1lez, de 15 a\u00f1os, asesinada en Cali por un hombre que ten\u00eda procesos previos relacionados con violencia sexual. Estos casos muestran la gravedad de las fallas que pueden existir cuando los agresores vuelven a estar en libertad. Por eso, para la senadora Blel, estos hechos tambi\u00e9n obligan al pa\u00eds a preguntarse qu\u00e9 tan seguros siguen estando nuestros ni\u00f1os cuando un agresor regresa a las calles.<\/p>\n<p>La iniciativa est\u00e1 dirigida exclusivamente a tres delitos cometidos contra menores de edad: homicidio doloso, acceso carnal violento y acceso carnal cuando la v\u00edctima sea puesta en incapacidad de resistir.<\/p>\n<p>Actualmente, en la legislaci\u00f3n penal colombiana, la pena m\u00e1xima es de 50 a\u00f1os. Con este proyecto de acto legislativo se busca permitir que, excepcionalmente, pueda llegar hasta el doble de ese m\u00e1ximo, es decir, hasta 100 a\u00f1os, para los delitos contemplados en la iniciativa. Estas penas deber\u00e1n aplicarse bajo criterios de proporcionalidad y razonabilidad.<\/p>\n","protected":false},"excerpt":{"rendered":"<p>En 2025, 660 menores de edad fueron asesinados en Colombia y Medicina Legal atendi\u00f3 m\u00e1s de 16.500 casos relacionados con violencia sexual contra ni\u00f1os, ni\u00f1as y adolescentes. La iniciativa busca permitir penas de prisi\u00f3n excepcionalmente altas para quienes asesinen o cometan delitos sexuales graves contra ni\u00f1os, ni\u00f1as y adolescentes. Bogot\u00e1, 2 de septiembre de 2026.- Con el fin de fortalecer la protecci\u00f3n de los ni\u00f1os, ni\u00f1as y adolescentes frente a los delitos m\u00e1s graves cometidos en su contra, la senadora Nadia Blel y la bancada conservadora radicaron este mi\u00e9rcoles el&#8230; <\/p>\n","protected":false},"author":3,"featured_media":60006,"comment_status":"closed","ping_status":"closed","sticky":false,"template":"","format":"standard","meta":{"footnotes":"","_links_to":"","_links_to_target":""},"categories":[1450,4,82],"tags":[285,219,298,234],"class_list":["post-60005","post","type-post","status-publish","format-standard","has-post-thumbnail","hentry","category-parasladers","category-politica","category-senado","tag-destacada","tag-nadia-blel","tag-politica","tag-senado"],"_links":{"self":[{"href":"https:\/\/revistazetta.com\/index.php?rest_route=\/wp\/v2\/posts\/60005","targetHints":{"allow":["GET"]}}],"collection":[{"href":"https:\/\/revistazetta.com\/index.php?rest_route=\/wp\/v2\/posts"}],"about":[{"href":"https:\/\/revistazetta.com\/index.php?rest_route=\/wp\/v2\/types\/post"}],"author":[{"embeddable":true,"href":"https:\/\/revistazetta.com\/index.php?rest_route=\/wp\/v2\/users\/3"}],"replies":[{"embeddable":true,"href":"https:\/\/revistazetta.com\/index.php?rest_route=%2Fwp%2Fv2%2Fcomments&post=60005"}],"version-history":[{"count":0,"href":"https:\/\/revistazetta.com\/index.php?rest_route=\/wp\/v2\/posts\/60005\/revisions"}],"wp:featuredmedia":[{"embeddable":true,"href":"https:\/\/revistazetta.com\/index.php?rest_route=\/wp\/v2\/media\/60006"}],"wp:attachment":[{"href":"https:\/\/revistazetta.com\/index.php?rest_route=%2Fwp%2Fv2%2Fmedia&parent=60005"}],"wp:term":[{"taxonomy":"category","embeddable":true,"href":"https:\/\/revistazetta.com\/index.php?rest_route=%2Fwp%2Fv2%2Fcategories&post=60005"},{"taxonomy":"post_tag","embeddable":true,"href":"https:\/\/revistazetta.com\/index.php?rest_route=%2Fwp%2Fv2%2Ftags&post=60005"}],"curies":[{"name":"wp","href":"https:\/\/api.w.org\/{rel}","templated":true}]}}