{"id":6102,"date":"2015-05-06T06:32:22","date_gmt":"2015-05-06T11:32:22","guid":{"rendered":"http:\/\/www.revistazetta.com\/?p=6102"},"modified":"2015-05-06T06:32:22","modified_gmt":"2015-05-06T11:32:22","slug":"juan-carlos-coronel-evoca-a-jose-barros","status":"publish","type":"post","link":"https:\/\/revistazetta.com\/?p=6102","title":{"rendered":"Juan Carlos Coronel evoca a Jos\u00e9 Barros"},"content":{"rendered":"<p><a href=\"https:\/\/www.revistazetta.com\/wp-content\/uploads\/2015\/05\/Coronel-Barros-2.jpg\"><img loading=\"lazy\" decoding=\"async\" class=\" size-medium wp-image-6104 alignright\" src=\"https:\/\/www.revistazetta.com\/wp-content\/uploads\/2015\/05\/Coronel-Barros-2-300x188.jpg\" alt=\"Coronel Barros 2\" width=\"300\" height=\"188\" \/><\/a>En el teatro Adolfo Mej\u00eda se cumpli\u00f3 un conversatorio sobre la vida y obra de Jos\u00e9 Barros, el formidable compositor cuyos 100 a\u00f1os de natalicio se cumplen este a\u00f1o.<\/p>\n<p>El invitado de honor fue el cantante cartagenero Juan Carlos Coronel, quien detall\u00f3 la historia de la producci\u00f3n \u201cTesoros\u201d con la que gan\u00f3 un Grammy, con obras de Jos\u00e9 Barros.<\/p>\n<p>El cantante convers\u00f3 con los periodistas Gustavo Tatis y Manuel Lozano, ante un colmado teatro Adolfo Mej\u00eda, en un evento organizado por el IPCC bajo la direcci\u00f3n de Nacira Ayos Figueroa.<\/p>\n<p><a href=\"https:\/\/www.revistazetta.com\/wp-content\/uploads\/2015\/05\/Coronel-Barros-7.jpg\"><img loading=\"lazy\" decoding=\"async\" class=\"alignnone size-medium wp-image-6109\" src=\"https:\/\/www.revistazetta.com\/wp-content\/uploads\/2015\/05\/Coronel-Barros-7-300x188.jpg\" alt=\"Coronel Barros 7\" width=\"300\" height=\"188\" \/><\/a><a href=\"https:\/\/www.revistazetta.com\/wp-content\/uploads\/2015\/05\/Coronel-Barros-6.jpg\"><img loading=\"lazy\" decoding=\"async\" class=\"alignnone size-medium wp-image-6108\" src=\"https:\/\/www.revistazetta.com\/wp-content\/uploads\/2015\/05\/Coronel-Barros-6-300x188.jpg\" alt=\"Coronel Barros 6\" width=\"300\" height=\"188\" \/><\/a><a href=\"https:\/\/www.revistazetta.com\/wp-content\/uploads\/2015\/05\/Coronel-Barros-5.jpg\"><img loading=\"lazy\" decoding=\"async\" class=\"alignnone size-medium wp-image-6107\" src=\"https:\/\/www.revistazetta.com\/wp-content\/uploads\/2015\/05\/Coronel-Barros-5-300x188.jpg\" alt=\"Coronel Barros 5\" width=\"300\" height=\"188\" \/><\/a><\/p>\n<p>&nbsp;<\/p>\n","protected":false},"excerpt":{"rendered":"<p>En el teatro Adolfo Mej\u00eda se cumpli\u00f3 un conversatorio sobre la vida y obra de Jos\u00e9 Barros, el formidable compositor cuyos 100 a\u00f1os de natalicio se cumplen este a\u00f1o. El invitado de honor fue el cantante cartagenero Juan Carlos Coronel, quien detall\u00f3 la historia de la producci\u00f3n \u201cTesoros\u201d con la que gan\u00f3 un Grammy, con obras de Jos\u00e9 Barros. El cantante convers\u00f3 con los periodistas Gustavo Tatis y Manuel Lozano, ante un colmado teatro Adolfo Mej\u00eda, en un evento organizado por el IPCC bajo la direcci\u00f3n de Nacira Ayos Figueroa&#8230;. <\/p>\n","protected":false},"author":3,"featured_media":0,"comment_status":"open","ping_status":"closed","sticky":false,"template":"","format":"standard","meta":{"footnotes":"","_links_to":"","_links_to_target":""},"categories":[41,43],"tags":[],"class_list":["post-6102","post","type-post","status-publish","format-standard","hentry","category-cultura","category-cultura-musica"],"_links":{"self":[{"href":"https:\/\/revistazetta.com\/index.php?rest_route=\/wp\/v2\/posts\/6102","targetHints":{"allow":["GET"]}}],"collection":[{"href":"https:\/\/revistazetta.com\/index.php?rest_route=\/wp\/v2\/posts"}],"about":[{"href":"https:\/\/revistazetta.com\/index.php?rest_route=\/wp\/v2\/types\/post"}],"author":[{"embeddable":true,"href":"https:\/\/revistazetta.com\/index.php?rest_route=\/wp\/v2\/users\/3"}],"replies":[{"embeddable":true,"href":"https:\/\/revistazetta.com\/index.php?rest_route=%2Fwp%2Fv2%2Fcomments&post=6102"}],"version-history":[{"count":0,"href":"https:\/\/revistazetta.com\/index.php?rest_route=\/wp\/v2\/posts\/6102\/revisions"}],"wp:attachment":[{"href":"https:\/\/revistazetta.com\/index.php?rest_route=%2Fwp%2Fv2%2Fmedia&parent=6102"}],"wp:term":[{"taxonomy":"category","embeddable":true,"href":"https:\/\/revistazetta.com\/index.php?rest_route=%2Fwp%2Fv2%2Fcategories&post=6102"},{"taxonomy":"post_tag","embeddable":true,"href":"https:\/\/revistazetta.com\/index.php?rest_route=%2Fwp%2Fv2%2Ftags&post=6102"}],"curies":[{"name":"wp","href":"https:\/\/api.w.org\/{rel}","templated":true}]}}