{"id":6112,"date":"2015-05-06T07:40:07","date_gmt":"2015-05-06T12:40:07","guid":{"rendered":"http:\/\/www.revistazetta.com\/?p=6112"},"modified":"2015-05-06T07:48:09","modified_gmt":"2015-05-06T12:48:09","slug":"no-hay-alianza-wong-garcia-tirado","status":"publish","type":"post","link":"https:\/\/revistazetta.com\/?p=6112","title":{"rendered":"No hay alianza Wong-Garc\u00eda Tirado"},"content":{"rendered":"<p>Un comunicado de prensa originado en la campa\u00f1a a la Alcald\u00eda de William Garc\u00eda Tirado oblig\u00f3 una precisi\u00f3n de la candidata a la Gobernaci\u00f3n, Yolanda Wong: no hay alianza.<\/p>\n<p>La candidata del partido de la U se declar\u00f3 respetuosa de los lineamientos de su partido como tambi\u00e9n de las afinidades con distintos sectores que buscan la Alcald\u00eda de Cartagena, pero no se puede predicar una alianza formal con la plataforma de Garc\u00eda Tirado.<\/p>\n<p>El comunicado despachado por la campa\u00f1a Garc\u00eda Tirado a las salas de redacci\u00f3n y periodistas de Cartagena y Bol\u00edvar dec\u00eda: \u201cEn los mejores momentos de sus campa\u00f1as\u00a0proselitistas los candidatos a la Alcald\u00eda de Cartagena William Garc\u00eda Tirado y Yolanda Wong Baldiris a la Gobernaci\u00f3n de Bol\u00edvar, decidieron formalizar una alianza estrat\u00e9gica para cautivar\u00a0unidos\u00a0a sus simpatizantes en la ciudad y el departamento\u201d.<\/p>\n<p>En un principio se le otorg\u00f3 credibilidad, pero la propia candidata Wong y varios de sus aliados pol\u00edticos de inmediato solicitaron precisar la informaci\u00f3n, pues no corresponde a la realidad pol\u00edtica en este momento.<\/p>\n","protected":false},"excerpt":{"rendered":"<p>Un comunicado de prensa originado en la campa\u00f1a a la Alcald\u00eda de William Garc\u00eda Tirado oblig\u00f3 una precisi\u00f3n de la candidata a la Gobernaci\u00f3n, Yolanda Wong: no hay alianza. La candidata del partido de la U se declar\u00f3 respetuosa de los lineamientos de su partido como tambi\u00e9n de las afinidades con distintos sectores que buscan la Alcald\u00eda de Cartagena, pero no se puede predicar una alianza formal con la plataforma de Garc\u00eda Tirado. El comunicado despachado por la campa\u00f1a Garc\u00eda Tirado a las salas de redacci\u00f3n y periodistas de Cartagena&#8230; <\/p>\n","protected":false},"author":3,"featured_media":6116,"comment_status":"open","ping_status":"closed","sticky":false,"template":"","format":"standard","meta":{"footnotes":"","_links_to":"","_links_to_target":""},"categories":[4],"tags":[],"class_list":["post-6112","post","type-post","status-publish","format-standard","has-post-thumbnail","hentry","category-politica"],"_links":{"self":[{"href":"https:\/\/revistazetta.com\/index.php?rest_route=\/wp\/v2\/posts\/6112","targetHints":{"allow":["GET"]}}],"collection":[{"href":"https:\/\/revistazetta.com\/index.php?rest_route=\/wp\/v2\/posts"}],"about":[{"href":"https:\/\/revistazetta.com\/index.php?rest_route=\/wp\/v2\/types\/post"}],"author":[{"embeddable":true,"href":"https:\/\/revistazetta.com\/index.php?rest_route=\/wp\/v2\/users\/3"}],"replies":[{"embeddable":true,"href":"https:\/\/revistazetta.com\/index.php?rest_route=%2Fwp%2Fv2%2Fcomments&post=6112"}],"version-history":[{"count":0,"href":"https:\/\/revistazetta.com\/index.php?rest_route=\/wp\/v2\/posts\/6112\/revisions"}],"wp:featuredmedia":[{"embeddable":true,"href":"https:\/\/revistazetta.com\/index.php?rest_route=\/wp\/v2\/media\/6116"}],"wp:attachment":[{"href":"https:\/\/revistazetta.com\/index.php?rest_route=%2Fwp%2Fv2%2Fmedia&parent=6112"}],"wp:term":[{"taxonomy":"category","embeddable":true,"href":"https:\/\/revistazetta.com\/index.php?rest_route=%2Fwp%2Fv2%2Fcategories&post=6112"},{"taxonomy":"post_tag","embeddable":true,"href":"https:\/\/revistazetta.com\/index.php?rest_route=%2Fwp%2Fv2%2Ftags&post=6112"}],"curies":[{"name":"wp","href":"https:\/\/api.w.org\/{rel}","templated":true}]}}