{"id":6319,"date":"2015-05-23T00:17:46","date_gmt":"2015-05-23T05:17:46","guid":{"rendered":"http:\/\/www.revistazetta.com\/?p=6319"},"modified":"2015-05-23T00:17:46","modified_gmt":"2015-05-23T05:17:46","slug":"tres-candidatos-a-alcaldia-de-magangue-respaldan-a-dumek-turbay","status":"publish","type":"post","link":"https:\/\/revistazetta.com\/?p=6319","title":{"rendered":"Tres candidatos a Alcald\u00eda de Magangu\u00e9 respaldan a Dumek Turbay"},"content":{"rendered":"<div id=\"attachment_6324\" style=\"width: 310px\" class=\"wp-caption alignleft\"><a href=\"https:\/\/www.revistazetta.com\/wp-content\/uploads\/2015\/05\/Dumek-con-Posada.jpg\"><img loading=\"lazy\" decoding=\"async\" aria-describedby=\"caption-attachment-6324\" class=\"wp-image-6324 size-medium\" src=\"https:\/\/www.revistazetta.com\/wp-content\/uploads\/2015\/05\/Dumek-con-Posada-300x188.jpg\" alt=\"Dumek con Posada\" width=\"300\" height=\"188\" \/><\/a><p id=\"caption-attachment-6324\" class=\"wp-caption-text\">Alfredo Posada Viana.<\/p><\/div>\n<p>Tres aspirantes a la Alcald\u00eda de la ciudad de Magangu\u00e9 confirmaron esta semana su apoyo total al candidato liberal a la Gobernaci\u00f3n de Bol\u00edvar, Dumek Turbay.\u00a0 Con caminatas y reuniones por toda la ciudad ribere\u00f1a acompa\u00f1aron a Dumek en su periplo para compartir con los maganguele\u00f1os y conocer sus necesidades.<\/p>\n<p>El jueves, Dumek se reuni\u00f3 con los aspirantes Alfredo Posada y Luz Estela \u201cChachy\u201d Sierra con quienes aprovech\u00f3 para recorrer las comunidades y conocer de cerca sus problem\u00e1ticas. Adem\u00e1s se reuni\u00f3 con l\u00edderes comunales a quienes indic\u00f3 que tendr\u00e1n un espacio fundamental en su gobernaci\u00f3n. Con \u201cChachy\u201d Sierra aprovech\u00f3 para encontrarse un gran n\u00famero de mujeres que tienen toda su confianza puesta en el proyecto del Bol\u00edvar Avanza por su compromiso con los derechos de la mujer.<\/p>\n<div id=\"attachment_6322\" style=\"width: 310px\" class=\"wp-caption alignright\"><a href=\"https:\/\/www.revistazetta.com\/wp-content\/uploads\/2015\/05\/Dumek-con-Al\u00ed.jpg\"><img loading=\"lazy\" decoding=\"async\" aria-describedby=\"caption-attachment-6322\" class=\"wp-image-6322 size-medium\" src=\"https:\/\/www.revistazetta.com\/wp-content\/uploads\/2015\/05\/Dumek-con-Al\u00ed-300x200.jpg\" alt=\"Dumek con Al\u00ed\" width=\"300\" height=\"200\" srcset=\"https:\/\/revistazetta.com\/wp-content\/uploads\/2015\/05\/Dumek-con-Al\u00ed-300x200.jpg 300w, https:\/\/revistazetta.com\/wp-content\/uploads\/2015\/05\/Dumek-con-Al\u00ed-1024x682.jpg 1024w, https:\/\/revistazetta.com\/wp-content\/uploads\/2015\/05\/Dumek-con-Al\u00ed.jpg 1280w\" sizes=\"auto, (max-width: 300px) 100vw, 300px\" \/><\/a><p id=\"caption-attachment-6322\" class=\"wp-caption-text\">Pedro Al\u00ed.<\/p><\/div>\n<p>El viernes, Dumek Turbay amaneci\u00f3 recorriendo los barrios del sur de Magangu\u00e9 con el candidato a la Alcald\u00eda Pedro Al\u00ed, en compa\u00f1\u00eda de la diputada Orieta V\u00e1squez, el dirigente Jes\u00fas Payares y el concejal Donys P\u00e9rez. Los maganguele\u00f1os de Villa Juliana, Las Delicias y El Progreso demostraron su fervor al candidato liberal \u00a0con sonrisas\u00a0 y abrazos.<\/p>\n<p>Este viernes se concluy\u00f3 la jornada con una concentraci\u00f3n de m\u00e1s 700 j\u00f3venes en el centro de convenciones del Hotel Terra Toscana cuyo objetivo fue resaltar el talento juvenil para las artes y la m\u00fasica.<\/p>\n<p>Este s\u00e1bado Dumek recorrer\u00e1 los corregimientos del r\u00edo Magdalena Panceg\u00fcita,\u00a0 Barboza y Palmarito para motivar a los habitantes de esta zona para que se unan al proyecto pol\u00edtico de Bol\u00edvar Avanza.<\/p>\n<div id=\"attachment_6323\" style=\"width: 310px\" class=\"wp-caption alignleft\"><a href=\"https:\/\/www.revistazetta.com\/wp-content\/uploads\/2015\/05\/Dumek-con-Chachi.jpg\"><img loading=\"lazy\" decoding=\"async\" aria-describedby=\"caption-attachment-6323\" class=\"wp-image-6323 size-medium\" src=\"https:\/\/www.revistazetta.com\/wp-content\/uploads\/2015\/05\/Dumek-con-Chachi-300x188.jpg\" alt=\"Dumek con Chachi\" width=\"300\" height=\"188\" \/><\/a><p id=\"caption-attachment-6323\" class=\"wp-caption-text\">Luz Estela \u00abChachi\u00bb Sierra.<\/p><\/div>\n<p>Durante sus labores como dirigente deportivo y servidor p\u00fablico, Dumek Turbay demostr\u00f3 su afecto por Magangu\u00e9 con obras de infraestructura, tales como la construcci\u00f3n\u00a0 del centro del alto rendimiento en Magangu\u00e9 Farid Arana y la recuperaci\u00f3n de estadio de f\u00fatbol municipal Diego Carvajal, adem\u00e1s de eventos deportivos que la pusieron en el mapa del departamento y el pa\u00eds, por lo que en su gobernaci\u00f3n, esta ciudad ser\u00e1 fundamental para el desarrollo del sur de Bol\u00edvar.<\/p>\n","protected":false},"excerpt":{"rendered":"<p>Tres aspirantes a la Alcald\u00eda de la ciudad de Magangu\u00e9 confirmaron esta semana su apoyo total al candidato liberal a la Gobernaci\u00f3n de Bol\u00edvar, Dumek Turbay.\u00a0 Con caminatas y reuniones por toda la ciudad ribere\u00f1a acompa\u00f1aron a Dumek en su periplo para compartir con los maganguele\u00f1os y conocer sus necesidades. El jueves, Dumek se reuni\u00f3 con los aspirantes Alfredo Posada y Luz Estela \u201cChachy\u201d Sierra con quienes aprovech\u00f3 para recorrer las comunidades y conocer de cerca sus problem\u00e1ticas. Adem\u00e1s se reuni\u00f3 con l\u00edderes comunales a quienes indic\u00f3 que tendr\u00e1n un&#8230; <\/p>\n","protected":false},"author":3,"featured_media":6321,"comment_status":"open","ping_status":"closed","sticky":false,"template":"","format":"standard","meta":{"footnotes":"","_links_to":"","_links_to_target":""},"categories":[26,4],"tags":[],"class_list":["post-6319","post","type-post","status-publish","format-standard","has-post-thumbnail","hentry","category-politica-noticias","category-politica"],"_links":{"self":[{"href":"https:\/\/revistazetta.com\/index.php?rest_route=\/wp\/v2\/posts\/6319","targetHints":{"allow":["GET"]}}],"collection":[{"href":"https:\/\/revistazetta.com\/index.php?rest_route=\/wp\/v2\/posts"}],"about":[{"href":"https:\/\/revistazetta.com\/index.php?rest_route=\/wp\/v2\/types\/post"}],"author":[{"embeddable":true,"href":"https:\/\/revistazetta.com\/index.php?rest_route=\/wp\/v2\/users\/3"}],"replies":[{"embeddable":true,"href":"https:\/\/revistazetta.com\/index.php?rest_route=%2Fwp%2Fv2%2Fcomments&post=6319"}],"version-history":[{"count":0,"href":"https:\/\/revistazetta.com\/index.php?rest_route=\/wp\/v2\/posts\/6319\/revisions"}],"wp:featuredmedia":[{"embeddable":true,"href":"https:\/\/revistazetta.com\/index.php?rest_route=\/wp\/v2\/media\/6321"}],"wp:attachment":[{"href":"https:\/\/revistazetta.com\/index.php?rest_route=%2Fwp%2Fv2%2Fmedia&parent=6319"}],"wp:term":[{"taxonomy":"category","embeddable":true,"href":"https:\/\/revistazetta.com\/index.php?rest_route=%2Fwp%2Fv2%2Fcategories&post=6319"},{"taxonomy":"post_tag","embeddable":true,"href":"https:\/\/revistazetta.com\/index.php?rest_route=%2Fwp%2Fv2%2Ftags&post=6319"}],"curies":[{"name":"wp","href":"https:\/\/api.w.org\/{rel}","templated":true}]}}