{"id":6326,"date":"2015-05-23T00:24:01","date_gmt":"2015-05-23T05:24:01","guid":{"rendered":"http:\/\/www.revistazetta.com\/?p=6326"},"modified":"2015-05-23T00:24:01","modified_gmt":"2015-05-23T05:24:01","slug":"vamos-a-apostarle-a-la-calidad-educativa-como-herramienta-de-desarrollo-yolanda-wong","status":"publish","type":"post","link":"https:\/\/revistazetta.com\/?p=6326","title":{"rendered":"\u201cVamos a apostarle a la calidad educativa como herramienta de desarrollo\u201d Yolanda Wong"},"content":{"rendered":"<p><a href=\"https:\/\/www.revistazetta.com\/wp-content\/uploads\/2015\/05\/Wong-santa-catalina-2.jpg\"><img loading=\"lazy\" decoding=\"async\" class=\" size-medium wp-image-6328 alignright\" src=\"https:\/\/www.revistazetta.com\/wp-content\/uploads\/2015\/05\/Wong-santa-catalina-2-300x188.jpg\" alt=\"Wong santa catalina 2\" width=\"300\" height=\"188\" \/><\/a>En el municipio de Santa Catalina la candidata a la gobernaci\u00f3n de Bol\u00edvar, Yolanda Wong anunci\u00f3 que uno de los ejes principales de su gobierno ser\u00e1 la calidad educativa, por lo cual desarrollar\u00e1 un Plan Decenal de Educaci\u00f3n que se mantenga m\u00e1s all\u00e1 de los pr\u00f3ximos 4 a\u00f1os.<\/p>\n<p>\u201cPropondremos un plan decenal que sea ordenanza para que el proceso de calidad educativa valla m\u00e1s all\u00e1 del periodo de gobierno porque necesitamos tener una herramienta de educaci\u00f3n para el desarrollo. Los pueblos que no son educados no tienen progreso y nosotros necesitamos progresar, desarrollarnos y lo vamos a lograr con educaci\u00f3n, yo soy un testimonio de lo que se puede lograr con la educaci\u00f3n, por eso le apostaremos a la calidad educativa para que nuestros hijos se preparen y sean capaces de ser los pr\u00f3ximos dirigentes y gobernantes del departamento de Bol\u00edvar\u201d dijo Yolanda Wong en medio de su discurso.<\/p>\n<p>La candidata por el partido de la U comparti\u00f3 con m\u00e1s de cien dirigentes de Santa Catalina, Pueblo Nuevo, Loma Arena, Galerazamba, El Jobo y Colorado quienes se sumaron a este proyecto.<\/p>\n<p>Entre los dirigentes se encontraba la aspirante a la alcald\u00eda de Santa Catalina Esperanza Ram\u00edrez, los concejales Eduardo C\u00f3rdoba, Jos\u00e9 Cervantes, Jaime Puello y los aspirantes al concejo John Jairo M\u00e1rquez, Juan Beltr\u00e1n, Brigitte Alvarado, Johan Su\u00e1rez, Ren\u00e9 de la Hoz, Silvia Orozco, Luis Alberto Ruiz y John Wilson Gamarra.<\/p>\n","protected":false},"excerpt":{"rendered":"<p>En el municipio de Santa Catalina la candidata a la gobernaci\u00f3n de Bol\u00edvar, Yolanda Wong anunci\u00f3 que uno de los ejes principales de su gobierno ser\u00e1 la calidad educativa, por lo cual desarrollar\u00e1 un Plan Decenal de Educaci\u00f3n que se mantenga m\u00e1s all\u00e1 de los pr\u00f3ximos 4 a\u00f1os. \u201cPropondremos un plan decenal que sea ordenanza para que el proceso de calidad educativa valla m\u00e1s all\u00e1 del periodo de gobierno porque necesitamos tener una herramienta de educaci\u00f3n para el desarrollo. Los pueblos que no son educados no tienen progreso y nosotros&#8230; <\/p>\n","protected":false},"author":3,"featured_media":0,"comment_status":"open","ping_status":"closed","sticky":false,"template":"","format":"standard","meta":{"footnotes":"","_links_to":"","_links_to_target":""},"categories":[26,4],"tags":[],"class_list":["post-6326","post","type-post","status-publish","format-standard","hentry","category-politica-noticias","category-politica"],"_links":{"self":[{"href":"https:\/\/revistazetta.com\/index.php?rest_route=\/wp\/v2\/posts\/6326","targetHints":{"allow":["GET"]}}],"collection":[{"href":"https:\/\/revistazetta.com\/index.php?rest_route=\/wp\/v2\/posts"}],"about":[{"href":"https:\/\/revistazetta.com\/index.php?rest_route=\/wp\/v2\/types\/post"}],"author":[{"embeddable":true,"href":"https:\/\/revistazetta.com\/index.php?rest_route=\/wp\/v2\/users\/3"}],"replies":[{"embeddable":true,"href":"https:\/\/revistazetta.com\/index.php?rest_route=%2Fwp%2Fv2%2Fcomments&post=6326"}],"version-history":[{"count":0,"href":"https:\/\/revistazetta.com\/index.php?rest_route=\/wp\/v2\/posts\/6326\/revisions"}],"wp:attachment":[{"href":"https:\/\/revistazetta.com\/index.php?rest_route=%2Fwp%2Fv2%2Fmedia&parent=6326"}],"wp:term":[{"taxonomy":"category","embeddable":true,"href":"https:\/\/revistazetta.com\/index.php?rest_route=%2Fwp%2Fv2%2Fcategories&post=6326"},{"taxonomy":"post_tag","embeddable":true,"href":"https:\/\/revistazetta.com\/index.php?rest_route=%2Fwp%2Fv2%2Ftags&post=6326"}],"curies":[{"name":"wp","href":"https:\/\/api.w.org\/{rel}","templated":true}]}}