{"id":6330,"date":"2015-05-24T12:12:16","date_gmt":"2015-05-24T17:12:16","guid":{"rendered":"http:\/\/www.revistazetta.com\/?p=6330"},"modified":"2015-05-24T12:12:16","modified_gmt":"2015-05-24T17:12:16","slug":"vendedores-y-mototaxistas-a-integrarlos-a-la-economia-de-la-ciudad","status":"publish","type":"post","link":"https:\/\/revistazetta.com\/?p=6330","title":{"rendered":"Vendedores y mototaxistas, a integrarlos a la econom\u00eda de la ciudad"},"content":{"rendered":"<p>El foro de emprendimiento y competitividad que organiz\u00f3 Luz Estela C\u00e1ceres dej\u00f3 en claro que el sector informal tiene una fuerza productiva importante que debe ser incorporada a la econom\u00eda de la ciudad.<\/p>\n<p>Con Dar\u00edo Montoya, acad\u00e9mico y ex director del Sena como invitado, fueron varios los vendedores, mototaxistas, gu\u00edas de turismo o alba\u00f1iles que expusieron su punto de vista y que pidieron que no se les deje por fuera de las oportunidades.<\/p>\n<p>Luz Estela C\u00e1ceres dijo que \u201cdebemos pensar prospectivamente en Cartagena, saber qu\u00e9 quiere y qu\u00e9 necesita la ciudad a cinco, diez, quince o veinte a\u00f1os, para que nuestro sector acad\u00e9mico y productivo puedan ir de la mano y garantizar que la brecha o divorcio se va eliminar. Esto va a traer un fuerte v\u00ednculo donde podamos tener oportunidades para nuestros j\u00f3venes, para las mujeres, para todos, y erradicar el desempleo\u201d.<\/p>\n<p>El foro se cumpli\u00f3 en el auditorio del colegio salesiano San Pedro Claver en la tarde del pasado viernes, con colmada asistencia.<\/p>\n<p>Seg\u00fan Luz Estela C\u00e1ceres, Cartagena tiene la segunda menor tasa de desempleo del pa\u00eds, del 8.7%, pero a la vez la mayor\u00eda est\u00e1 en la informalidad. Est\u00e1n en zona de rebusque, sin seguridad social, con ingresos precarios.<\/p>\n<p>Estas personas deben ser vinculadas a la econom\u00eda, no estar en la ilegalidad, sino el alcalde trabajar de la mano con ellos para que entren a un mercado formal, capacitarlos.<\/p>\n<p>El sector turismo le da el 32% de trabajo a los cartageneros, dijo la dirigente.<\/p>\n<p>&nbsp;<\/p>\n<p><strong>Dar\u00edo Montoya: No se puede vivir solo del turismo<\/strong><\/p>\n<p>Cartagena no puede vivir solo del turismo, y necesita que el pr\u00f3ximo alcalde tome decisiones de fondo en materia de educaci\u00f3n, dijo el ex director del Sena Dar\u00edo Montoya en el foto de emprendimiento y competitividad.<\/p>\n<p>Dijo que las dos ciudades que aqu\u00ed conviven deben unirse en torno a la educaci\u00f3n, hacer sinergia entre ellas, que permite a los cartageneros iniciar nuevos emprendimientos, pero del turismo no puede vivir la inmensa mayor\u00eda.<\/p>\n<p>Si no se toman decisiones ya, en 100 a\u00f1os estaremos hablando de lo mismo. La gran tarea es decidir c\u00f3mo pasar de la informalidad a la formalidad para los mototaxistas, carperos, vendedores, entre otros.<\/p>\n<p>&nbsp;<\/p>\n","protected":false},"excerpt":{"rendered":"<p>El foro de emprendimiento y competitividad que organiz\u00f3 Luz Estela C\u00e1ceres dej\u00f3 en claro que el sector informal tiene una fuerza productiva importante que debe ser incorporada a la econom\u00eda de la ciudad. Con Dar\u00edo Montoya, acad\u00e9mico y ex director del Sena como invitado, fueron varios los vendedores, mototaxistas, gu\u00edas de turismo o alba\u00f1iles que expusieron su punto de vista y que pidieron que no se les deje por fuera de las oportunidades. Luz Estela C\u00e1ceres dijo que \u201cdebemos pensar prospectivamente en Cartagena, saber qu\u00e9 quiere y qu\u00e9 necesita la&#8230; <\/p>\n","protected":false},"author":3,"featured_media":0,"comment_status":"open","ping_status":"closed","sticky":false,"template":"","format":"standard","meta":{"footnotes":"","_links_to":"","_links_to_target":""},"categories":[3,50],"tags":[],"class_list":["post-6330","post","type-post","status-publish","format-standard","hentry","category-ciudad","category-empresa"],"_links":{"self":[{"href":"https:\/\/revistazetta.com\/index.php?rest_route=\/wp\/v2\/posts\/6330","targetHints":{"allow":["GET"]}}],"collection":[{"href":"https:\/\/revistazetta.com\/index.php?rest_route=\/wp\/v2\/posts"}],"about":[{"href":"https:\/\/revistazetta.com\/index.php?rest_route=\/wp\/v2\/types\/post"}],"author":[{"embeddable":true,"href":"https:\/\/revistazetta.com\/index.php?rest_route=\/wp\/v2\/users\/3"}],"replies":[{"embeddable":true,"href":"https:\/\/revistazetta.com\/index.php?rest_route=%2Fwp%2Fv2%2Fcomments&post=6330"}],"version-history":[{"count":0,"href":"https:\/\/revistazetta.com\/index.php?rest_route=\/wp\/v2\/posts\/6330\/revisions"}],"wp:attachment":[{"href":"https:\/\/revistazetta.com\/index.php?rest_route=%2Fwp%2Fv2%2Fmedia&parent=6330"}],"wp:term":[{"taxonomy":"category","embeddable":true,"href":"https:\/\/revistazetta.com\/index.php?rest_route=%2Fwp%2Fv2%2Fcategories&post=6330"},{"taxonomy":"post_tag","embeddable":true,"href":"https:\/\/revistazetta.com\/index.php?rest_route=%2Fwp%2Fv2%2Ftags&post=6330"}],"curies":[{"name":"wp","href":"https:\/\/api.w.org\/{rel}","templated":true}]}}