{"id":6344,"date":"2015-05-24T12:16:11","date_gmt":"2015-05-24T17:16:11","guid":{"rendered":"http:\/\/www.revistazetta.com\/?p=6344"},"modified":"2015-05-24T12:16:11","modified_gmt":"2015-05-24T17:16:11","slug":"direccion-uribista-en-bolivar-con-licencia-para-apoyar-candidato-a-gobernacion","status":"publish","type":"post","link":"https:\/\/revistazetta.com\/?p=6344","title":{"rendered":"Direcci\u00f3n uribista en Bol\u00edvar, con licencia para apoyar candidato a Gobernaci\u00f3n"},"content":{"rendered":"<div id=\"attachment_6346\" style=\"width: 310px\" class=\"wp-caption alignright\"><a href=\"https:\/\/www.revistazetta.com\/wp-content\/uploads\/2015\/05\/DSC_8047.jpg\"><img loading=\"lazy\" decoding=\"async\" aria-describedby=\"caption-attachment-6346\" class=\"wp-image-6346 size-medium\" src=\"https:\/\/www.revistazetta.com\/wp-content\/uploads\/2015\/05\/DSC_8047-300x188.jpg\" alt=\"DSC_8047\" width=\"300\" height=\"188\" srcset=\"https:\/\/revistazetta.com\/wp-content\/uploads\/2015\/05\/DSC_8047-300x188.jpg 300w, https:\/\/revistazetta.com\/wp-content\/uploads\/2015\/05\/DSC_8047.jpg 576w\" sizes=\"auto, (max-width: 300px) 100vw, 300px\" \/><\/a><p id=\"caption-attachment-6346\" class=\"wp-caption-text\">Eduardo Espinosa Faciolince, Mello Otoya y senador Ara\u00fajo.<\/p><\/div>\n<p>La nueva direcci\u00f3n departamental del Centro Democr\u00e1tico en Bol\u00edvar qued\u00f3 facultada para establecer una alianza con un candidato a la Gobernaci\u00f3n de Bol\u00edvar.<\/p>\n<p>El Centro Democr\u00e1tico llevar\u00e1 candidata a la Alcald\u00eda de Cartagena con Gina Benedetti, y listas a Concejo y Asamblea, pero no llevar\u00e1 candidato propio a la Gobernaci\u00f3n de Bol\u00edvar, por lo que se establecer\u00e1 una alianza.<\/p>\n<p>\u00c1lvaro Uribe V\u00e9lez, m\u00e1ximo dirigente de Centro Democr\u00e1tico, dej\u00f3 abierta esa posibilidad en la convenci\u00f3n municipal de Cartagena al autorizar alianzas \u201ccon candidatos respetuosos del gobierno nacional, pero con independencia\u201d.<\/p>\n<p>El uribismo coloc\u00f3 212 mil votos en Bol\u00edvar para la segunda vuelta presidencial para \u00d3scar Iv\u00e1n Zuluaga, y tres meses antes 50 mil votos para Senado, y se le considera una fuerza disciplinada, por lo que quien resulte beneficiado con esta alianza, avanzar\u00e1 en sus pretensiones de triunfo electoral. La opci\u00f3n de Dumek Turbay Paz, del partido liberal, es una de las consideradas.<\/p>\n<p><a href=\"https:\/\/www.revistazetta.com\/wp-content\/uploads\/2015\/05\/DSC_8087.jpg\"><img loading=\"lazy\" decoding=\"async\" class=\" size-medium wp-image-6347 alignleft\" src=\"https:\/\/www.revistazetta.com\/wp-content\/uploads\/2015\/05\/DSC_8087-300x188.jpg\" alt=\"DSC_8087\" width=\"300\" height=\"188\" \/><\/a>La Direcci\u00f3n Departamental de Centro Democr\u00e1tico est\u00e1 encabezada por el senador Fernando Nicol\u00e1s Ara\u00fajo Rumi\u00e9 y de ella hacen parte igualmente Luis Guillermo \u201cMello\u201d Otoya y Gina Benedetti.<\/p>\n<p>El ente rector departamental qued\u00f3 facultado tambi\u00e9n para decidir si la lista que llevar\u00e1 a Asamblea ser\u00e1 abierta o cerrada. De momento hay ocho nombres definidos y faltan seis: Nelson Sarah, Julio Blanco, Mario Del Castillo, Jos\u00e9 Ochoa, Francisco Gil, Delbys Martelo, Eligio \u00c1lvarez y Enrique Cabrales.<\/p>\n<p>La convenci\u00f3n departamental se cumpli\u00f3 en el hotel Cartagena Plaza, con asistencia de candidatos a alcald\u00edas y concejos municipales del Departamento.<\/p>\n<p>\u201cTrabajaremos todos de la mano por impulsar a Cartagena y proyectos conjuntos que tambi\u00e9n beneficien el resto del departamento, estoy a disposici\u00f3n para trabajar por la ciudad, para gerenciarla e impulsarla a nivel internacional\u201d, dijo Gina Benedetti, candidata a la Alcald\u00eda de Cartagena durante su intervenci\u00f3n.<\/p>\n<p>Por su parte, el Senador Ara\u00fajo hizo una exposici\u00f3n de la visi\u00f3n del partido sobre el departamento de Bol\u00edvar y explic\u00f3 las principales necesidades del mismo, invit\u00f3 a todos los precandidatos a trabajar por ser una alternativa real que logre la transformaci\u00f3n que urge para mejorar la calidad de vida de los bolivarenses.<\/p>\n<p>Luis Guillermo Otoya, quien estar\u00e1 encabezando la lista al Concejo, asegur\u00f3 que desde su curul trabajar\u00e1 por impulsar proyectos que ayuden a disminuir los niveles de pobreza en Cartagena y generen mayores oportunidades.<\/p>\n","protected":false},"excerpt":{"rendered":"<p>La nueva direcci\u00f3n departamental del Centro Democr\u00e1tico en Bol\u00edvar qued\u00f3 facultada para establecer una alianza con un candidato a la Gobernaci\u00f3n de Bol\u00edvar. El Centro Democr\u00e1tico llevar\u00e1 candidata a la Alcald\u00eda de Cartagena con Gina Benedetti, y listas a Concejo y Asamblea, pero no llevar\u00e1 candidato propio a la Gobernaci\u00f3n de Bol\u00edvar, por lo que se establecer\u00e1 una alianza. \u00c1lvaro Uribe V\u00e9lez, m\u00e1ximo dirigente de Centro Democr\u00e1tico, dej\u00f3 abierta esa posibilidad en la convenci\u00f3n municipal de Cartagena al autorizar alianzas \u201ccon candidatos respetuosos del gobierno nacional, pero con independencia\u201d. El&#8230; <\/p>\n","protected":false},"author":3,"featured_media":0,"comment_status":"open","ping_status":"closed","sticky":false,"template":"","format":"standard","meta":{"footnotes":"","_links_to":"","_links_to_target":""},"categories":[26,4],"tags":[],"class_list":["post-6344","post","type-post","status-publish","format-standard","hentry","category-politica-noticias","category-politica"],"_links":{"self":[{"href":"https:\/\/revistazetta.com\/index.php?rest_route=\/wp\/v2\/posts\/6344","targetHints":{"allow":["GET"]}}],"collection":[{"href":"https:\/\/revistazetta.com\/index.php?rest_route=\/wp\/v2\/posts"}],"about":[{"href":"https:\/\/revistazetta.com\/index.php?rest_route=\/wp\/v2\/types\/post"}],"author":[{"embeddable":true,"href":"https:\/\/revistazetta.com\/index.php?rest_route=\/wp\/v2\/users\/3"}],"replies":[{"embeddable":true,"href":"https:\/\/revistazetta.com\/index.php?rest_route=%2Fwp%2Fv2%2Fcomments&post=6344"}],"version-history":[{"count":0,"href":"https:\/\/revistazetta.com\/index.php?rest_route=\/wp\/v2\/posts\/6344\/revisions"}],"wp:attachment":[{"href":"https:\/\/revistazetta.com\/index.php?rest_route=%2Fwp%2Fv2%2Fmedia&parent=6344"}],"wp:term":[{"taxonomy":"category","embeddable":true,"href":"https:\/\/revistazetta.com\/index.php?rest_route=%2Fwp%2Fv2%2Fcategories&post=6344"},{"taxonomy":"post_tag","embeddable":true,"href":"https:\/\/revistazetta.com\/index.php?rest_route=%2Fwp%2Fv2%2Ftags&post=6344"}],"curies":[{"name":"wp","href":"https:\/\/api.w.org\/{rel}","templated":true}]}}