{"id":6349,"date":"2015-05-25T09:38:56","date_gmt":"2015-05-25T14:38:56","guid":{"rendered":"http:\/\/www.revistazetta.com\/?p=6349"},"modified":"2015-05-25T09:38:56","modified_gmt":"2015-05-25T14:38:56","slug":"con-nabil-baladi-son-seis-los-que-piden-aval-verde-para-alcaldia","status":"publish","type":"post","link":"https:\/\/revistazetta.com\/?p=6349","title":{"rendered":"Con Nabil B\u00e1ladi, son seis los que piden aval verde para Alcald\u00eda"},"content":{"rendered":"<p><a href=\"https:\/\/www.revistazetta.com\/wp-content\/uploads\/2015\/05\/Verdes.jpg\"><img loading=\"lazy\" decoding=\"async\" class=\" size-medium wp-image-6351 alignright\" src=\"https:\/\/www.revistazetta.com\/wp-content\/uploads\/2015\/05\/Verdes-187x300.jpg\" alt=\"Verdes\" width=\"187\" height=\"300\" \/><\/a>El periodista y empresario N\u00e1bil George B\u00e1ladi Gede\u00f3n, director del Canal Cartagena y ex presidente de Funcicar, solicit\u00f3 formalmente la militancia del Partido Alianza Verde y el aval para aspirar a la Alcald\u00eda, con lo que se une en esa pretensi\u00f3n a Fabio Castellanos, Juan Conrado, Antonio D\u00e1ger, Reinaldo Manjarrez y Jairo Mart\u00ednez.<\/p>\n<p>La p\u00e1gina oficial del partido Alianza Verde (<a href=\"https:\/\/www.alianzaverde.org.co\" target=\"_blank\" rel=\"noopener\">www.alianzaverde.org.co<\/a>) los registra como precandidatos a la Alcald\u00eda de Cartagena y a cada uno de ellos les formula tres preguntas. Adem\u00e1s, establece una relaci\u00f3n de su comportamiento como votantes en las recientes elecciones.<\/p>\n<p>Estas son las preguntas: \u00bfPor qu\u00e9 quiero ser candidato por Alianza Verde? \u00bfQu\u00e9 he hecho y a que me comprometo para el fortalecimiento del partido Alianza Verde? y Perfil para su candidatura.<\/p>\n<p>Estas son las respuestas publicadas:<\/p>\n<p><strong>FABIO CASTELLANOS<\/strong><\/p>\n<p><strong>\u00bfPor qu\u00e9 quiero ser candidato por Alianza Verde?<\/strong><\/p>\n<p>Porque ademas de ser militante de la organizaci\u00f3n, considero que tengo las condiciones, la experiencia y la formaci\u00f3n para dirigir la ciudad . He sido Personero Distrital de Cartagena, donde desarrolle una labor que aun recuerdan las comunidades<\/p>\n<p><strong>\u00bfQu\u00e9 he hecho y a que me comprometo para el fortalecimiento del partido Alianza Verde?<\/strong><\/p>\n<p>He construido Partido en los anteriores procesos electorales y me comprometo a seguir haciendolo. Nunca sere inferior al reto de ser el representante de mi partido. Asumo los postulados y los compromisos definidos por las estructuras del partido.<\/p>\n<p><strong>Perfil para su candidatura<\/strong><\/p>\n<p>Candidato de corte social, democr\u00e1tico e incluyente. Comprometido con el tema ambiental y conocedor de la problem\u00e1tica integral de mi ciudad. Ampliamente reconocido como un abogado social.<\/p>\n<p>&nbsp;<\/p>\n<p><strong>NABIL B\u00c1LADI GEDE\u00d3N<\/strong><\/p>\n<p><strong>\u00bfPor qu\u00e9 quiero ser candidato por Alianza Verde?<\/strong><\/p>\n<p>Porque me identifico y comparto los principios, prioridades y programa del Partido. Porque me considero un agente de cambio que busca el bienestar del inter\u00e9s colectivo.<\/p>\n<p><strong>\u00bfQu\u00e9 he hecho y a que me comprometo para el fortalecimiento del partido Alianza Verde?<\/strong><\/p>\n<p>Me comprometo junto con el equipo del Partido Verde a desarrollar pol\u00edticas de ciudad donde los objetivos principales sean la renovaci\u00f3n del territorio y la renovaci\u00f3n ciudadana, que genere un amplio bienestar para todos los cartageneros. Me comprometo a realizar una campa\u00f1a honesta y transparente y llevar el buen nombre del partido. Miembro de la Junta Directiva de El Universal desde 1983. Director y fundador de la Compa\u00f1\u00eda de Televisi\u00f3n Cartagena de Indias (Canal Cartagena) desde 2004.<\/p>\n<p><strong>Perfil para su candidatura<\/strong><\/p>\n<p>Empresario de pensamiento liberal con tendencias sociales, comprometido con el desarrollo de la ciudad, el medio ambiente y el crecimiento humano.<\/p>\n<p>&nbsp;<\/p>\n<p><strong>ANTONIO DAGER<\/strong><\/p>\n<p><strong>\u00bfPor qu\u00e9 quiero ser candidato por Alianza Verde?<\/strong><\/p>\n<p>Es el partido en el cual, he venido construyendo un escenario diferente para mis conciudadanos, para mi Cartagena, y con el cual deseo continuar esta construcci\u00f3n.<\/p>\n<p><strong>\u00bfQu\u00e9 he hecho y a que me comprometo para el fortalecimiento del partido Alianza Verde?<\/strong><\/p>\n<p>Desde las presidenciales con el Dr. Antanas Mockus, y nuestra gloriosa Ola Verde, he venido liderando procesos dentro y fuera del partido, identificado plenamente de nuestra ideolog\u00eda, y con la convicci\u00f3n plena he desarrollado una pol\u00edtica diferente que genera riquesa filos\u00f3fica, una riquesa que viene transformando los corazones de muchos Cartageneros y Bolivarenses, que han entendido que el camino al cambio y el renacer del Pa\u00eds radica en alcanzar una verdadera democracia participativa.<\/p>\n<p><strong>Perfil para su candidatura<\/strong><\/p>\n<p>Joven Cartagenero, Emprendedor, Consultor Empresarial y Docente. Comprometido en la Construcci\u00f3n de Un Escenario Diferente. Deseo Ser El Alcalde de los Cartageneros y las Cartageneras.<\/p>\n<p>&nbsp;<\/p>\n<p><strong>JUAN CONRADO OVALLE<\/strong><\/p>\n<p><strong>\u00bfPor qu\u00e9 quiero ser candidato por Alianza Verde?<\/strong><\/p>\n<p>Por la identificaci\u00f3n con sus principios y valores, formulando una manera diferente de desarrollar la actividad pol\u00edtica, basada en la solvencia moral y credibilidad, que permita desarrollar un programa de gobierno para mejorar las condiciones de vida de los ciudadanos y fortalezca el partido por sus ejecutorias.<\/p>\n<p><strong>\u00bfQu\u00e9 he hecho y a que me comprometo para el fortalecimiento del partido Alianza Verde?<\/strong><\/p>\n<p>He participado desde cuando el Dr. Sergio Fajardo con Compromiso Ciudadano inicio su campa\u00f1a presidencial y luego la Ola Verde. Me comprometo a realizar una campa\u00f1a basada en el respeto y la decencia, propiciando la participaci\u00f3n ciudadana, desarrollando unos prop\u00f3sitos de Ciudad como base del desarrollo social, Econ\u00f3mico e Institucional, generando credibilidad como referente de un partido comprometido con la Paz y progreso con equidad de la Ciudad.<\/p>\n<p><strong>Perfil para su candidatura<\/strong><\/p>\n<p>Profesional Independiente, conocimiento de la Ciudad, solvencia Moral y Credibilidad basada en la experiencia y trayectoria profesional en la actividad laboral, acad\u00e9mica y dirigencia deportiva<\/p>\n<p>&nbsp;<\/p>\n<p><strong>REINALDO MANJARREZ<\/strong><\/p>\n<p><strong>\u00bfPor qu\u00e9 quiero ser candidato por Alianza Verde?<\/strong><\/p>\n<p>Porque soy Miembro del Partido Alianza Verde, porque creo que el partido tiene hoy la responsabilidad de ser opci\u00f3n real de poder en Cartagena, porque necesitamos fortalecer el partido en lo local y regional, porque mi vida, mi trabajo y mis convicciones coinciden con la apuesta program\u00e1tica e ideol\u00f3gica del Partido y finalmente porque estoy dispuesto a liderar con las banderas del verde un proceso de cambio y transformaci\u00f3n profunda en la ciudad de Cartagena de Indias.<\/p>\n<p><strong>\u00bfQu\u00e9 he hecho y a que me comprometo para el fortalecimiento del partido Alianza Verde?<\/strong><\/p>\n<p>Desde 2009 como Verde Mangle le hemos ido dando forma al partido en Cartagena y Bol\u00edvar, hemos ido construyendo el partido a veces con aciertos y otras no. Estoy dispuesto a fortalecerlo, a promover los valores de la transparencia, a defender el patrimonio cultural y ambiental,el inter\u00e9s general y el respeto por la diversidad y los derechos constitucionales. Ampliaremos la militancia y promoveremos nuevos liderazgos para la acci\u00f3n pol\u00edtica ciudadana y la acci\u00f3n pol\u00edtica electoral en el Verde.<\/p>\n<p><strong>Perfil para su candidatura<\/strong><\/p>\n<p>Es la expresi\u00f3n de una poblaci\u00f3n de Cartagena joven, Afro y de clase popular que no ha encontrado en la clase pol\u00edtica tradicional respuesta al derecho a una vida digna y al derecho a la ciudad.<\/p>\n<p>&nbsp;<\/p>\n<p><strong>JAIRO MART\u00cdNEZ<\/strong><\/p>\n<p><strong>\u00bfPor qu\u00e9 quiero ser candidato por Alianza Verde?<\/strong><\/p>\n<p>me identifico con los principios del partido porque creo en la igualdad y me interesa trabajar por la cultura y el desarrollo de la comunidad.<\/p>\n<p><strong>\u00bfQu\u00e9 he hecho y a que me comprometo para el fortalecimiento del partido Alianza Verde?<\/strong><\/p>\n<p>brindando mi apoyo al partido y a sus candidatos por que creo en el compromiso social que tienen con la comunidad, y estoy dispuesto a seguir trabajando para que el partido siga avanzando en busca de siempre mejorar.<\/p>\n<p><strong>Perfil para su candidatura<\/strong><\/p>\n<p>Soy una persona comprometida con las causas sociales y ambientales, con un proyecto que gira en torno al fortalecimiento de la familia como eje central de la sociedad y la mujer como pilar de la familia.<\/p>\n<p>&nbsp;<\/p>\n","protected":false},"excerpt":{"rendered":"<p>El periodista y empresario N\u00e1bil George B\u00e1ladi Gede\u00f3n, director del Canal Cartagena y ex presidente de Funcicar, solicit\u00f3 formalmente la militancia del Partido Alianza Verde y el aval para aspirar a la Alcald\u00eda, con lo que se une en esa pretensi\u00f3n a Fabio Castellanos, Juan Conrado, Antonio D\u00e1ger, Reinaldo Manjarrez y Jairo Mart\u00ednez. La p\u00e1gina oficial del partido Alianza Verde (www.alianzaverde.org.co) los registra como precandidatos a la Alcald\u00eda de Cartagena y a cada uno de ellos les formula tres preguntas. Adem\u00e1s, establece una relaci\u00f3n de su comportamiento como votantes en&#8230; <\/p>\n","protected":false},"author":3,"featured_media":0,"comment_status":"open","ping_status":"closed","sticky":false,"template":"","format":"standard","meta":{"footnotes":"","_links_to":"","_links_to_target":""},"categories":[26,4],"tags":[],"class_list":["post-6349","post","type-post","status-publish","format-standard","hentry","category-politica-noticias","category-politica"],"_links":{"self":[{"href":"https:\/\/revistazetta.com\/index.php?rest_route=\/wp\/v2\/posts\/6349","targetHints":{"allow":["GET"]}}],"collection":[{"href":"https:\/\/revistazetta.com\/index.php?rest_route=\/wp\/v2\/posts"}],"about":[{"href":"https:\/\/revistazetta.com\/index.php?rest_route=\/wp\/v2\/types\/post"}],"author":[{"embeddable":true,"href":"https:\/\/revistazetta.com\/index.php?rest_route=\/wp\/v2\/users\/3"}],"replies":[{"embeddable":true,"href":"https:\/\/revistazetta.com\/index.php?rest_route=%2Fwp%2Fv2%2Fcomments&post=6349"}],"version-history":[{"count":0,"href":"https:\/\/revistazetta.com\/index.php?rest_route=\/wp\/v2\/posts\/6349\/revisions"}],"wp:attachment":[{"href":"https:\/\/revistazetta.com\/index.php?rest_route=%2Fwp%2Fv2%2Fmedia&parent=6349"}],"wp:term":[{"taxonomy":"category","embeddable":true,"href":"https:\/\/revistazetta.com\/index.php?rest_route=%2Fwp%2Fv2%2Fcategories&post=6349"},{"taxonomy":"post_tag","embeddable":true,"href":"https:\/\/revistazetta.com\/index.php?rest_route=%2Fwp%2Fv2%2Ftags&post=6349"}],"curies":[{"name":"wp","href":"https:\/\/api.w.org\/{rel}","templated":true}]}}