{"id":6445,"date":"2015-05-28T08:07:33","date_gmt":"2015-05-28T13:07:33","guid":{"rendered":"http:\/\/www.revistazetta.com\/?p=6445"},"modified":"2015-05-28T08:07:33","modified_gmt":"2015-05-28T13:07:33","slug":"un-robo-de-verguenza-opinion-de-miguel-raad-hernandez","status":"publish","type":"post","link":"https:\/\/revistazetta.com\/?p=6445","title":{"rendered":"Un robo de verg\u00fcenza.- Opini\u00f3n de Miguel Raad Hern\u00e1ndez"},"content":{"rendered":"<p>Por Miguel Raad Hern\u00e1ndez.- (Cartagena, mayo 28 de 2015).-\u00a0Un desapacible comunicado de prensa de la Gobernaci\u00f3n de Bol\u00edvar anunci\u00f3, hace unos d\u00edas, el robo del \u00f3leo del Libertador Sim\u00f3n Bol\u00edvar pintado por Epifanio Garay, que presid\u00eda el Sal\u00f3n Amarillo del Palacio de la Proclamaci\u00f3n, sede tradicional del Gobierno Departamental.<\/p>\n<p>El Bol\u00edvar de Garay es una de las obras ic\u00f3nicas en la imaginolog\u00eda del Libertador. Tiene un alto valor hist\u00f3rico y cultural, porque la monumental obra fue pintada a finales del siglo IXX por quien es reconocido en la historia del arte como el m\u00e1s grande retratista de Colombia de todos los tiempos. Garay naci\u00f3 en Bogot\u00e1 el 9 de Enero de 1849 y muri\u00f3 en Villeta el 8 de Octubre de 1903, a los 54 a\u00f1os de edad. Fue, adem\u00e1s, cantante de \u00f3pera y cronista de arte y sus obras se exponen en el Museo Nacional de Colombia, en cuya entrada se lo honra con un busto donde aparece con su larga y desordenada cabellera y unos inmensos bigotes. Hizo estudios de m\u00fasica y pintura en la Academia Julien de Par\u00eds; en 1889 el Presidente Rafael N\u00fa\u00f1ez lo nombr\u00f3 como Primer Director de nuestra Escuela de Bellas Artes hoy Universidad de Bellas Artes, y estuvo entre nosotros hasta 1892, cuando regres\u00f3 a Bogot\u00e1; en 1898 fue designado Director de la Escuela Nacional de Bellas Artes. Dos obras lo vinculan especialmente con Cartagena: El imponente cuadro de Bol\u00edvar, pintado de cuerpo entero sobre un fondo de batalla y nubarrones, evidentemente vencedor, en una actitud de serena fortaleza, que se qued\u00f3 por m\u00e1s de 100 a\u00f1os en nuestro Palacio de Gobierno; y el retrato del Presidente N\u00fa\u00f1ez en su biblioteca, del cual dice Gustavo Tatis Guerra que es el mejor retrato que le hicieron en el cual \u00abLe pint\u00f3 su aura oto\u00f1al, su semblante p\u00e1lido y un aire de concentrado desencanto en la mirada&#8230;\u00bb.<\/p>\n<p>Es inaudito que un cuadro de tanto valor hist\u00f3rico, cultural y econ\u00f3mico, haya sido abandonado en medio de un edificio donde se estaban llevando a cabo demoliciones. El Gobernador mud\u00f3 las instalaciones de la Gobernaci\u00f3n para dar paso a las obras de restauraci\u00f3n del Palacio de la Proclamaci\u00f3n, objetivo laudable, pero dej\u00f3 atr\u00e1s, en medio de andamios, maquinarias, herramientas y materiales de construcci\u00f3n, la valiosa y m\u00e1s que centenaria pintura. El arquitecto Alberto Samudio, encargado de la primera parte de las obras programadas por el Gobernador Gossain en el Palacio de la Proclamaci\u00f3n, inform\u00f3 por la radio que su contrato se termin\u00f3 hace un a\u00f1o. Que desde entonces all\u00ed no se adelanta ninguna obra. Y, agregamos nosotros, tambi\u00e9n desde hace mucho se suprimi\u00f3 la seguridad contratada para resguardar las instalaciones.<\/p>\n<p>Hasta hoy, aparte del lac\u00f3nico y desapacible comunicado de prensa, ninguna autoridad civil ha dado parte de los pormenores que rodean este robo ni de las gestiones que se est\u00e9n adelantando para recuperar ese, que es el m\u00e1s valioso patrimonio cultural mueble que tiene la Gobernaci\u00f3n. S\u00f3lo el Comandante de la Polic\u00eda sali\u00f3 a ofrecer una irrisoria recompensa de 10 millones de pesos a quien suministre informaci\u00f3n sobre el robo o delate a los delincuentes. Suponemos que no sab\u00eda de la importancia de la obra. Quienes la robaron s\u00ed lo saben y tambi\u00e9n saben que ella s\u00f3lo es posible negociarla en el extranjero, donde existe un mercado negro de grandes obras de arte.<\/p>\n<p>Esperamos que el Fiscal General, el Procurador y el Contralor, tan locuaces y protag\u00f3nicos pol\u00edticamente, se ocupen tambi\u00e9n de ayudar a preservar el patrimonio cultural de la Naci\u00f3n y de Bol\u00edvar, y hayan tomado cartas en el asunto. Otras obras valiosas quedan en la Gobernaci\u00f3n: Pinturas, grabados, algunos bronces importantes,\u00a0 mobiliario de \u00e9poca, m\u00e1rmoles, etc., que deben resguardarse y evitar que vayan a correr igual o peor suerte que el Bol\u00edvar de Garay.<\/p>\n","protected":false},"excerpt":{"rendered":"<p>Por Miguel Raad Hern\u00e1ndez.- (Cartagena, mayo 28 de 2015).-\u00a0Un desapacible comunicado de prensa de la Gobernaci\u00f3n de Bol\u00edvar anunci\u00f3, hace unos d\u00edas, el robo del \u00f3leo del Libertador Sim\u00f3n Bol\u00edvar pintado por Epifanio Garay, que presid\u00eda el Sal\u00f3n Amarillo del Palacio de la Proclamaci\u00f3n, sede tradicional del Gobierno Departamental. El Bol\u00edvar de Garay es una de las obras ic\u00f3nicas en la imaginolog\u00eda del Libertador. Tiene un alto valor hist\u00f3rico y cultural, porque la monumental obra fue pintada a finales del siglo IXX por quien es reconocido en la historia del&#8230; <\/p>\n","protected":false},"author":4,"featured_media":6447,"comment_status":"open","ping_status":"closed","sticky":false,"template":"","format":"standard","meta":{"footnotes":"","_links_to":"","_links_to_target":""},"categories":[44,65],"tags":[],"class_list":["post-6445","post","type-post","status-publish","format-standard","has-post-thumbnail","hentry","category-materiagris","category-opinion"],"_links":{"self":[{"href":"https:\/\/revistazetta.com\/index.php?rest_route=\/wp\/v2\/posts\/6445","targetHints":{"allow":["GET"]}}],"collection":[{"href":"https:\/\/revistazetta.com\/index.php?rest_route=\/wp\/v2\/posts"}],"about":[{"href":"https:\/\/revistazetta.com\/index.php?rest_route=\/wp\/v2\/types\/post"}],"author":[{"embeddable":true,"href":"https:\/\/revistazetta.com\/index.php?rest_route=\/wp\/v2\/users\/4"}],"replies":[{"embeddable":true,"href":"https:\/\/revistazetta.com\/index.php?rest_route=%2Fwp%2Fv2%2Fcomments&post=6445"}],"version-history":[{"count":0,"href":"https:\/\/revistazetta.com\/index.php?rest_route=\/wp\/v2\/posts\/6445\/revisions"}],"wp:featuredmedia":[{"embeddable":true,"href":"https:\/\/revistazetta.com\/index.php?rest_route=\/wp\/v2\/media\/6447"}],"wp:attachment":[{"href":"https:\/\/revistazetta.com\/index.php?rest_route=%2Fwp%2Fv2%2Fmedia&parent=6445"}],"wp:term":[{"taxonomy":"category","embeddable":true,"href":"https:\/\/revistazetta.com\/index.php?rest_route=%2Fwp%2Fv2%2Fcategories&post=6445"},{"taxonomy":"post_tag","embeddable":true,"href":"https:\/\/revistazetta.com\/index.php?rest_route=%2Fwp%2Fv2%2Ftags&post=6445"}],"curies":[{"name":"wp","href":"https:\/\/api.w.org\/{rel}","templated":true}]}}