{"id":6840,"date":"2015-06-16T06:03:22","date_gmt":"2015-06-16T11:03:22","guid":{"rendered":"http:\/\/www.revistazetta.com\/?p=6840"},"modified":"2015-06-16T06:03:22","modified_gmt":"2015-06-16T11:03:22","slug":"solo-tengo-un-plan-alcaldia-dice-pastor-jaramillo","status":"publish","type":"post","link":"https:\/\/revistazetta.com\/?p=6840","title":{"rendered":"\u201cSolo tengo un plan: Alcald\u00eda\u201d, dice Pastor Jaramillo"},"content":{"rendered":"<p>El concejal Pastor alonso Jaramillo dijo que su ciclo en el Concejo ha concluido y que su \u00fanico camino es la Alcald\u00eda de Cartagena.<\/p>\n<p>Con un categ\u00f3rico pronunciamiento, el aspirante a la Alcald\u00eda busca anular infundados rumores que apuntaban a su permanencia como concejal, y, por el contrario, dijo que su \u00fanico plan es la Alcald\u00eda.<\/p>\n<p>Este es el pronunciamiento de Jaramillo Robles:<\/p>\n<p>Ante la especulaci\u00f3n que se ha formado en algunos c\u00edrculos de la ciudad sobre mi posible continuidad en el Concejo, debo mencionar que s\u00f3lo tengo la intenci\u00f3n firme y segura de llegar al Palacio de la Aduana el pr\u00f3ximo enero.<\/p>\n<p>No voy a regresar al Concejo pues creo que en mi caso, un s\u00f3lo periodo es m\u00e1s que suficiente para cumplir adecuadamente con los deberes de la funci\u00f3n p\u00fablica en esa entidad, as\u00ed c\u00f3mo para, desde ah\u00ed, colaborar con el fortalecimiento de la institucionalidad y el desarrollo distrital.<\/p>\n<p>Ahora bien, informo a la opini\u00f3n p\u00fablica que en el seno de mi Partido se encuentra ya la documentaci\u00f3n necesaria para cumplir los tr\u00e1mites de rigor del procedimiento de entrega del aval. Por tanto, como hombre aferrado a la norma que soy, lo que estoy haciendo es aguardar y respetar los procedimientos internos con total disciplina.<\/p>\n<p>Estos tres a\u00f1os y medio he demostrado a la ciudad y a mi Partido, mi preparaci\u00f3n para dirigir los destinos de Cartagena de Indias, claro est\u00e1, enarbolando una propuesta pol\u00edtica pertinente con nuestra amada Heroica, desde banderas que identifican a Cambio Radical, tales como el apoyo a las v\u00edctimas y al Proceso de Paz, as\u00ed como al consecuente posconflicto en el \u00e1mbito territorial; modernizaci\u00f3n institucional seg\u00fan las necesidades de la sociedad; las propuestas sociales de provisi\u00f3n de bienes y servicios a los menos favorecidos como es la pol\u00edtica de vivienda; la adaptaci\u00f3n de la infraestructura a las demandas productivas del mundo contemp\u00f3raneo, consiguiendo que esta sea un impulso al desarrollo del sistema econ\u00f3mico; en suma, buscando un orden constitucional a nivel nacional y local que haga consistente las necesarias medidas de intervenci\u00f3n del Estado en la econom\u00eda para romper con las privaciones de derecho sociales y econ\u00f3micos, con un progreso que se aproveche de lo mejor del mercado. Llevo mucho tiempo prepar\u00e1ndome para servir, pensando Cartagena a lo grande, solucionando problemas de nuestra poblaci\u00f3n y como es caracter\u00edstico en nuestro, Partido, ejercemos liderazgo desde la seriedad de las propuestas, mostrando un rumbo. No basta querer llegar a la Aduana, primero, hay que mostrar un camino y, yo, desde las propuestas, sin politiquer\u00eda, se lo he mostrado a Cartagena. Mi consigna es la seguridad y el progreso de esta ciudad; s\u00e9 como hacerlo, por eso, mi \u00fanico camino es la Alcald\u00eda de nuestra amada Heroica.<\/p>\n","protected":false},"excerpt":{"rendered":"<p>El concejal Pastor alonso Jaramillo dijo que su ciclo en el Concejo ha concluido y que su \u00fanico camino es la Alcald\u00eda de Cartagena. Con un categ\u00f3rico pronunciamiento, el aspirante a la Alcald\u00eda busca anular infundados rumores que apuntaban a su permanencia como concejal, y, por el contrario, dijo que su \u00fanico plan es la Alcald\u00eda. Este es el pronunciamiento de Jaramillo Robles: Ante la especulaci\u00f3n que se ha formado en algunos c\u00edrculos de la ciudad sobre mi posible continuidad en el Concejo, debo mencionar que s\u00f3lo tengo la intenci\u00f3n&#8230; <\/p>\n","protected":false},"author":3,"featured_media":6842,"comment_status":"open","ping_status":"closed","sticky":false,"template":"","format":"standard","meta":{"footnotes":"","_links_to":"","_links_to_target":""},"categories":[27,4],"tags":[],"class_list":["post-6840","post","type-post","status-publish","format-standard","has-post-thumbnail","hentry","category-politicaconcejo","category-politica"],"_links":{"self":[{"href":"https:\/\/revistazetta.com\/index.php?rest_route=\/wp\/v2\/posts\/6840","targetHints":{"allow":["GET"]}}],"collection":[{"href":"https:\/\/revistazetta.com\/index.php?rest_route=\/wp\/v2\/posts"}],"about":[{"href":"https:\/\/revistazetta.com\/index.php?rest_route=\/wp\/v2\/types\/post"}],"author":[{"embeddable":true,"href":"https:\/\/revistazetta.com\/index.php?rest_route=\/wp\/v2\/users\/3"}],"replies":[{"embeddable":true,"href":"https:\/\/revistazetta.com\/index.php?rest_route=%2Fwp%2Fv2%2Fcomments&post=6840"}],"version-history":[{"count":0,"href":"https:\/\/revistazetta.com\/index.php?rest_route=\/wp\/v2\/posts\/6840\/revisions"}],"wp:featuredmedia":[{"embeddable":true,"href":"https:\/\/revistazetta.com\/index.php?rest_route=\/wp\/v2\/media\/6842"}],"wp:attachment":[{"href":"https:\/\/revistazetta.com\/index.php?rest_route=%2Fwp%2Fv2%2Fmedia&parent=6840"}],"wp:term":[{"taxonomy":"category","embeddable":true,"href":"https:\/\/revistazetta.com\/index.php?rest_route=%2Fwp%2Fv2%2Fcategories&post=6840"},{"taxonomy":"post_tag","embeddable":true,"href":"https:\/\/revistazetta.com\/index.php?rest_route=%2Fwp%2Fv2%2Ftags&post=6840"}],"curies":[{"name":"wp","href":"https:\/\/api.w.org\/{rel}","templated":true}]}}