{"id":6856,"date":"2015-06-17T06:10:54","date_gmt":"2015-06-17T11:10:54","guid":{"rendered":"http:\/\/www.revistazetta.com\/?p=6856"},"modified":"2015-06-17T06:10:54","modified_gmt":"2015-06-17T11:10:54","slug":"taller-innovacion-para-la-responsabilidad-social-empresarial","status":"publish","type":"post","link":"https:\/\/revistazetta.com\/?p=6856","title":{"rendered":"Taller Innovaci\u00f3n para la responsabilidad social empresarial"},"content":{"rendered":"<p>Con el fin de maximizar el potencial innovador de los l\u00edderes en responsabilidad social empresarial, la Andi, la C\u00e1mara de Comercio de Cartagena y la empresa Innovation realizaron un taller de responsabilidad social e innovaci\u00f3n con los l\u00edderes de estas \u00e1reas en la zona de Mamonal.<\/p>\n<p>\u201cEl siguiente reto consiste en generar espacios que se concentren en fortalecer la capacidad de innovaci\u00f3n por medio de sesiones individuales y grupales que trabajen los aspectos del pensamiento, el comportamiento, la motivaci\u00f3n, el liderazgo, la toma de decisiones y riesgos en sus proyectos. As\u00ed mismo, se debe incursionar en la identificaci\u00f3n de oportunidades mediante metodolog\u00edas de creatividad para el establecimiento de objetivos, oportunidades de crecimiento y definici\u00f3n de estrategias\u201d, expres\u00f3 Juan Pablo V\u00e9lez, director de Competitividad de la C\u00e1mara de Comercio de Cartagena.<\/p>\n<p>El taller fue dise\u00f1ado a partir de la importancia que tiene este rol en las empresas para generar valores desde la perspectiva social y medioambiental. En el desarrollo se expuso la necesidad de adquirir competencias desde la innovaci\u00f3n, debido a la importancia que ha adquirido esta \u00e1rea en la actualidad y se socializ\u00f3 la metodolog\u00eda para identificar las oportunidades que esta tiene a corto, mediano y largo plazo.<\/p>\n<p>La intenci\u00f3n de las entidades coorganizadoras de este taller es generar un proceso de cambio profundo sobre la manera como la mesa gremial de responsabilidad social de la Andi \u00a0realiza acciones que representan un alto valor para las organizaciones y el desarrollo de la regi\u00f3n.<\/p>\n","protected":false},"excerpt":{"rendered":"<p>Con el fin de maximizar el potencial innovador de los l\u00edderes en responsabilidad social empresarial, la Andi, la C\u00e1mara de Comercio de Cartagena y la empresa Innovation realizaron un taller de responsabilidad social e innovaci\u00f3n con los l\u00edderes de estas \u00e1reas en la zona de Mamonal. \u201cEl siguiente reto consiste en generar espacios que se concentren en fortalecer la capacidad de innovaci\u00f3n por medio de sesiones individuales y grupales que trabajen los aspectos del pensamiento, el comportamiento, la motivaci\u00f3n, el liderazgo, la toma de decisiones y riesgos en sus proyectos&#8230;. <\/p>\n","protected":false},"author":3,"featured_media":0,"comment_status":"open","ping_status":"closed","sticky":false,"template":"","format":"standard","meta":{"footnotes":"","_links_to":"","_links_to_target":""},"categories":[3,50],"tags":[],"class_list":["post-6856","post","type-post","status-publish","format-standard","hentry","category-ciudad","category-empresa"],"_links":{"self":[{"href":"https:\/\/revistazetta.com\/index.php?rest_route=\/wp\/v2\/posts\/6856","targetHints":{"allow":["GET"]}}],"collection":[{"href":"https:\/\/revistazetta.com\/index.php?rest_route=\/wp\/v2\/posts"}],"about":[{"href":"https:\/\/revistazetta.com\/index.php?rest_route=\/wp\/v2\/types\/post"}],"author":[{"embeddable":true,"href":"https:\/\/revistazetta.com\/index.php?rest_route=\/wp\/v2\/users\/3"}],"replies":[{"embeddable":true,"href":"https:\/\/revistazetta.com\/index.php?rest_route=%2Fwp%2Fv2%2Fcomments&post=6856"}],"version-history":[{"count":0,"href":"https:\/\/revistazetta.com\/index.php?rest_route=\/wp\/v2\/posts\/6856\/revisions"}],"wp:attachment":[{"href":"https:\/\/revistazetta.com\/index.php?rest_route=%2Fwp%2Fv2%2Fmedia&parent=6856"}],"wp:term":[{"taxonomy":"category","embeddable":true,"href":"https:\/\/revistazetta.com\/index.php?rest_route=%2Fwp%2Fv2%2Fcategories&post=6856"},{"taxonomy":"post_tag","embeddable":true,"href":"https:\/\/revistazetta.com\/index.php?rest_route=%2Fwp%2Fv2%2Ftags&post=6856"}],"curies":[{"name":"wp","href":"https:\/\/api.w.org\/{rel}","templated":true}]}}