{"id":6871,"date":"2015-06-17T06:12:14","date_gmt":"2015-06-17T11:12:14","guid":{"rendered":"http:\/\/www.revistazetta.com\/?p=6871"},"modified":"2015-06-17T06:12:14","modified_gmt":"2015-06-17T11:12:14","slug":"gina-benedetti-escucha-a-los-jubilados-y-pensionados-del-distrito","status":"publish","type":"post","link":"https:\/\/revistazetta.com\/?p=6871","title":{"rendered":"Gina Benedetti escucha a los jubilados y pensionados del Distrito"},"content":{"rendered":"<p><a href=\"https:\/\/www.revistazetta.com\/wp-content\/uploads\/2015\/06\/Gina-jubila-2.jpg\"><img loading=\"lazy\" decoding=\"async\" class=\" size-medium wp-image-6862 alignright\" src=\"https:\/\/www.revistazetta.com\/wp-content\/uploads\/2015\/06\/Gina-jubila-2-300x188.jpg\" alt=\"Gina jubila 2\" width=\"300\" height=\"188\" \/><\/a>Gina Benedetti, aspirante a la alcald\u00eda de Cartagena por el partido Centro Democr\u00e1tico se reuni\u00f3 con \u00a0algunos de los representantes \u00a0de la asociaci\u00f3n de Jubilados y pensionados del Distrito y de las empresas p\u00fablicas con el objetivo de escuchar \u00a0sus inquietudes y darle participaci\u00f3n en la construcci\u00f3n de su plan de gobierno con el cual se inscribir\u00e1 en la Alcald\u00eda de Cartagena.<\/p>\n<p>Los miembros de la \u00a0asociaci\u00f3n de jubilados y pensionados del Distrito, mostraron su preocupaci\u00f3n por la poca participaci\u00f3n en los asuntos del Gobierno Distrital. Piden al pr\u00f3ximo Alcalde mejorar los canales de comunicaci\u00f3n para poder presentar todas sus inquietudes e irlas resolviendo. Los pensionados quieren tener una participaci\u00f3n m\u00e1s activa y productiva en la agenda p\u00fablica.<\/p>\n<p>Gina Benedetti de V\u00e9lez se\u00f1al\u00f3: \u201cSoy una mujer agradecida de la vida y de las cosas que me ha dado Cartagena y he tomado la decisi\u00f3n de servirle a mi ciudad. Soy apasionada por el trabajo social, me gusta servirle a la gente y tengo toda la capacidad para poner toda mi experiencia y trayectoria al servicio de la ciudad\u201d.<\/p>\n<p>Benedetti asegur\u00f3 que en su gobierno trabajar\u00e1 de la mano de todos los jubilados y pensionas del distrito y de las empresas p\u00fablicas que desde ahora tienen un papel protag\u00f3nico en la construcci\u00f3n de su plan de Gobierno como tambi\u00e9n lo tiene los diferentes sectores y actores de la ciudad.<\/p>\n","protected":false},"excerpt":{"rendered":"<p>Gina Benedetti, aspirante a la alcald\u00eda de Cartagena por el partido Centro Democr\u00e1tico se reuni\u00f3 con \u00a0algunos de los representantes \u00a0de la asociaci\u00f3n de Jubilados y pensionados del Distrito y de las empresas p\u00fablicas con el objetivo de escuchar \u00a0sus inquietudes y darle participaci\u00f3n en la construcci\u00f3n de su plan de gobierno con el cual se inscribir\u00e1 en la Alcald\u00eda de Cartagena. Los miembros de la \u00a0asociaci\u00f3n de jubilados y pensionados del Distrito, mostraron su preocupaci\u00f3n por la poca participaci\u00f3n en los asuntos del Gobierno Distrital. Piden al pr\u00f3ximo Alcalde&#8230; <\/p>\n","protected":false},"author":3,"featured_media":0,"comment_status":"open","ping_status":"closed","sticky":false,"template":"","format":"standard","meta":{"footnotes":"","_links_to":"","_links_to_target":""},"categories":[26,4],"tags":[],"class_list":["post-6871","post","type-post","status-publish","format-standard","hentry","category-politica-noticias","category-politica"],"_links":{"self":[{"href":"https:\/\/revistazetta.com\/index.php?rest_route=\/wp\/v2\/posts\/6871","targetHints":{"allow":["GET"]}}],"collection":[{"href":"https:\/\/revistazetta.com\/index.php?rest_route=\/wp\/v2\/posts"}],"about":[{"href":"https:\/\/revistazetta.com\/index.php?rest_route=\/wp\/v2\/types\/post"}],"author":[{"embeddable":true,"href":"https:\/\/revistazetta.com\/index.php?rest_route=\/wp\/v2\/users\/3"}],"replies":[{"embeddable":true,"href":"https:\/\/revistazetta.com\/index.php?rest_route=%2Fwp%2Fv2%2Fcomments&post=6871"}],"version-history":[{"count":0,"href":"https:\/\/revistazetta.com\/index.php?rest_route=\/wp\/v2\/posts\/6871\/revisions"}],"wp:attachment":[{"href":"https:\/\/revistazetta.com\/index.php?rest_route=%2Fwp%2Fv2%2Fmedia&parent=6871"}],"wp:term":[{"taxonomy":"category","embeddable":true,"href":"https:\/\/revistazetta.com\/index.php?rest_route=%2Fwp%2Fv2%2Fcategories&post=6871"},{"taxonomy":"post_tag","embeddable":true,"href":"https:\/\/revistazetta.com\/index.php?rest_route=%2Fwp%2Fv2%2Ftags&post=6871"}],"curies":[{"name":"wp","href":"https:\/\/api.w.org\/{rel}","templated":true}]}}