{"id":6877,"date":"2015-06-17T09:16:59","date_gmt":"2015-06-17T14:16:59","guid":{"rendered":"http:\/\/www.revistazetta.com\/?p=6877"},"modified":"2015-06-17T09:16:59","modified_gmt":"2015-06-17T14:16:59","slug":"senadora-daira-galvis-confirma-apoyo-a-dumek-turbay-para-gobernacion","status":"publish","type":"post","link":"https:\/\/revistazetta.com\/?p=6877","title":{"rendered":"Senadora Daira Galvis confirma apoyo a Dumek Turbay para Gobernaci\u00f3n"},"content":{"rendered":"<p>En di\u00e1logo exclusivo con el director de Revista Zetta, John Zamora, la senadora del partido Cambio Radical, Daira Galvis M\u00e9ndez, confirm\u00f3 su respaldo a la candidatura de Dumek Turbay Paz a la Gobernaci\u00f3n de Bol\u00edvar.<\/p>\n<p>La informaci\u00f3n se hab\u00eda propagado en algunos c\u00edrculos pol\u00edticos, pero solo ahora se hace oficial. \u201cYo honro mi palabra\u201d dijo a Revista Zetta al explicar las razones de su decisi\u00f3n, que ha sido comunicada a todos los cuadros de su grupo pol\u00edtico en todo el departamento.<\/p>\n<p>Galvis M\u00e9ndez explic\u00f3 que en un principio hizo parte de un acuerdo pol\u00edtico en el que tanto Yolanda Wong como Dumek Turbay eran considerados \u201cpre-candidatos\u201d y que una encuesta definir\u00eda la decisi\u00f3n final.<\/p>\n<p>En ese grupo estaban las congresistas del Partido de la U, Sandra Villadiego y Marta Cur\u00ed, as\u00ed como los representantes de Cambio Radical Hernando Padau\u00ed y Karen Cure.<\/p>\n<p>Dijo que acompa\u00f1\u00f3 inicialmente el proceso de Yolanda Wong bajo ese presupuesto, pero que la decisi\u00f3n de la candidata de \u201cir hasta el final\u201d no correspond\u00eda con el acuerdo de definir una candidatura a la luz de una encuesta.<\/p>\n<p>\u201cYo me atuve a los acuerdos y la encuesta favorece a Dumek Turbay\u201d, dijo Daira Galvis a Revista Zetta.<\/p>\n<p>Confirm\u00f3 que desde hace una semana viene acompa\u00f1ando a Turbay Paz, y se\u00f1al\u00f3 que en todo este proceso lo m\u00e1s importante es el Departamento de Bol\u00edvar.<\/p>\n<p>Dijo que la actual Administraci\u00f3n de Juan Carlos Gossa\u00edn ha hecho las cosas bien y que espera que terminen as\u00ed, pues Bol\u00edvar logr\u00f3 despuntar.<\/p>\n<p>Preguntada sobre una decisi\u00f3n del Partido Cambio Radical respecto del candidato liberal Dumek Turbay, dijo que se trata de una posici\u00f3n de grupo, pues hay otras vertientes que tienen sus propias decisiones.<\/p>\n<p>En efecto, el representante Hernando Padau\u00ed ha sido promotor y defensor del proyecto de Yolanda Wong a la Gobernaci\u00f3n, y de igual forma la representante Karen Cure, con quienes la Revista Zetta ha intentando hablar sobre este aspecto.<\/p>\n","protected":false},"excerpt":{"rendered":"<p>En di\u00e1logo exclusivo con el director de Revista Zetta, John Zamora, la senadora del partido Cambio Radical, Daira Galvis M\u00e9ndez, confirm\u00f3 su respaldo a la candidatura de Dumek Turbay Paz a la Gobernaci\u00f3n de Bol\u00edvar. La informaci\u00f3n se hab\u00eda propagado en algunos c\u00edrculos pol\u00edticos, pero solo ahora se hace oficial. \u201cYo honro mi palabra\u201d dijo a Revista Zetta al explicar las razones de su decisi\u00f3n, que ha sido comunicada a todos los cuadros de su grupo pol\u00edtico en todo el departamento. Galvis M\u00e9ndez explic\u00f3 que en un principio hizo parte&#8230; <\/p>\n","protected":false},"author":3,"featured_media":0,"comment_status":"open","ping_status":"closed","sticky":false,"template":"","format":"standard","meta":{"footnotes":"","_links_to":"","_links_to_target":""},"categories":[4,31],"tags":[],"class_list":["post-6877","post","type-post","status-publish","format-standard","hentry","category-politica","category-politica-reportajes"],"_links":{"self":[{"href":"https:\/\/revistazetta.com\/index.php?rest_route=\/wp\/v2\/posts\/6877","targetHints":{"allow":["GET"]}}],"collection":[{"href":"https:\/\/revistazetta.com\/index.php?rest_route=\/wp\/v2\/posts"}],"about":[{"href":"https:\/\/revistazetta.com\/index.php?rest_route=\/wp\/v2\/types\/post"}],"author":[{"embeddable":true,"href":"https:\/\/revistazetta.com\/index.php?rest_route=\/wp\/v2\/users\/3"}],"replies":[{"embeddable":true,"href":"https:\/\/revistazetta.com\/index.php?rest_route=%2Fwp%2Fv2%2Fcomments&post=6877"}],"version-history":[{"count":0,"href":"https:\/\/revistazetta.com\/index.php?rest_route=\/wp\/v2\/posts\/6877\/revisions"}],"wp:attachment":[{"href":"https:\/\/revistazetta.com\/index.php?rest_route=%2Fwp%2Fv2%2Fmedia&parent=6877"}],"wp:term":[{"taxonomy":"category","embeddable":true,"href":"https:\/\/revistazetta.com\/index.php?rest_route=%2Fwp%2Fv2%2Fcategories&post=6877"},{"taxonomy":"post_tag","embeddable":true,"href":"https:\/\/revistazetta.com\/index.php?rest_route=%2Fwp%2Fv2%2Ftags&post=6877"}],"curies":[{"name":"wp","href":"https:\/\/api.w.org\/{rel}","templated":true}]}}