{"id":6880,"date":"2015-06-17T09:49:34","date_gmt":"2015-06-17T14:49:34","guid":{"rendered":"http:\/\/www.revistazetta.com\/?p=6880"},"modified":"2015-06-17T09:49:34","modified_gmt":"2015-06-17T14:49:34","slug":"asamblea-departamental-define-agenda-de-control-politico","status":"publish","type":"post","link":"https:\/\/revistazetta.com\/?p=6880","title":{"rendered":"Asamblea Departamental define agenda de control pol\u00edtico"},"content":{"rendered":"<p>El 23 de junio qued\u00f3 definido como fecha de inicio de la agenda de control pol\u00edtico de la Asamblea Departamental sobre la Gobernaci\u00f3n de Bol\u00edvar, con los debates a las secretar\u00edas de Planeaci\u00f3n y Hacienda.<\/p>\n<p>En la sesi\u00f3n de este martes 16 de junio, la comisi\u00f3n de diputados conformada por Miguel Cu\u00e9ter, V\u00edctor Mendoza, Orieta V\u00e1squez y Colombia Adu\u00e9n, present\u00f3 a la plenaria el cronograma completo de las citaciones, que fue aprobado.<\/p>\n<p>El presidente de la Asamblea Departamental, Jorge Rodr\u00edguez Sosa, se\u00f1al\u00f3 que las sesiones con los debates se cumplir\u00e1n a las 9 de la ma\u00f1ana, y que todos los funcionarios citados recibir\u00e1n con antelaci\u00f3n los cuestionarios, seg\u00fan el reglamento.<\/p>\n<p>El cronograma de citaciones es el siguiente:<\/p>\n<p><strong>CRONOGRAMA DE CITACION<\/strong><\/p>\n<p><strong>CONTROL POLITICO<\/strong><\/p>\n<p><strong>SEGUNDO PERIODO DE SESIONES ORDINARIAS<\/strong><\/p>\n<p><strong>JUNIO &#8211; JULIO<\/strong><\/p>\n<p><strong>\u00a0<\/strong><\/p>\n<table width=\"464\">\n<tbody>\n<tr>\n<td width=\"112\"><strong>FECHA<\/strong><\/td>\n<td width=\"197\"><strong>ENTIDAD<\/strong><\/td>\n<td width=\"155\"><strong>FUNCIONARIO<\/strong><\/td>\n<\/tr>\n<tr>\n<td width=\"112\">&nbsp;<\/p>\n<p>23 de Junio de 2015<\/td>\n<td width=\"197\">&nbsp;<\/p>\n<p>1. Secretar\u00eda de Planeaci\u00f3n<\/p>\n<p>2. Secretar\u00eda de Hacienda<\/p>\n<p>a) Direcci\u00f3n de Presupuesto<\/p>\n<p>b)Direcci\u00f3n Financiera<\/p>\n<p>c)Direcci\u00f3n de Rentas<\/p>\n<p>d)Direcci\u00f3n de Pensiones<\/td>\n<td width=\"155\">&nbsp;<\/p>\n<p>&#8211; Wilson Herrera D\u00edaz<\/p>\n<p>&nbsp;<\/p>\n<p>&#8211; William Valderrama Hoyos<\/p>\n<p>&nbsp;<\/td>\n<\/tr>\n<tr>\n<td width=\"112\">24 de Junio de 2015<\/td>\n<td width=\"197\">1. Contralor\u00eda Departamental<\/p>\n<p>2. Secretaria de Educaci\u00f3n<\/td>\n<td width=\"155\">&#8211; Oscar Pardo Ramos<\/p>\n<p>&#8211; Manuel Fern\u00e1ndez<\/td>\n<\/tr>\n<tr>\n<td width=\"112\">30 de Junio de 2015<\/td>\n<td width=\"197\">1. Secretaria de Infraestructura y Obras P\u00fablicas.<\/p>\n<p>2.Secretar\u00eda del Interior<\/p>\n<p>a) Direcci\u00f3n de Riesgos<\/p>\n<p>b)Direcci\u00f3n de Seguridad Ciudadana<\/p>\n<p>c) Grupo de Apoyo a Municipios<\/p>\n<p>&nbsp;<\/td>\n<td width=\"155\">-Dora Carmona Barroso<\/p>\n<p>&nbsp;<\/p>\n<p>&#8211; Federico Garc\u00eda Cano<\/p>\n<p>&nbsp;<\/p>\n<p>&nbsp;<\/p>\n<p>&nbsp;<\/td>\n<\/tr>\n<tr>\n<td width=\"112\">01 de Julio de 2015<\/td>\n<td width=\"197\">1. Secretar\u00eda de Salud<\/p>\n<p>&nbsp;<\/p>\n<p>2. ESE Hospital Universitario del Caribe<\/p>\n<p>&nbsp;<\/td>\n<td width=\"155\">&#8211; Ana Mar\u00eda \u00c1lvarez Castillo<\/p>\n<p>&nbsp;<\/p>\n<p>&#8211; Egla Ehrhart Guti\u00e9rrez<\/td>\n<\/tr>\n<tr>\n<td width=\"112\">07 de Julio de 2015<\/td>\n<td width=\"197\">1. Secretar\u00eda de Agricultura<\/p>\n<p>&nbsp;<\/p>\n<p>2. Secretar\u00eda de Minas y Energ\u00eda<\/td>\n<td width=\"155\">&#8211; \u00c1lvaro Redondo Castillo<\/p>\n<p>&nbsp;<\/p>\n<p>&#8211; Robert V\u00e1squez Arrieta<\/td>\n<\/tr>\n<tr>\n<td width=\"112\">08 de Julio de 2015<\/td>\n<td width=\"197\">1. Aguas de Bol\u00edvar<\/p>\n<p>&nbsp;<\/p>\n<p>2. Secretar\u00eda de Victimas<\/p>\n<p>&nbsp;<\/p>\n<p>&nbsp;<\/td>\n<td width=\"155\">&#8211; Fejed Ali Badran<\/p>\n<p>&nbsp;<\/p>\n<p>&#8211; Rafael Vergara Campo<\/p>\n<p>&nbsp;<\/td>\n<\/tr>\n<tr>\n<td width=\"112\">14 de Julio de 2015<\/td>\n<td width=\"197\">1.Secretar\u00eda de H\u00e1bitat<\/p>\n<p>a)\u00a0\u00a0\u00a0\u00a0 Direcci\u00f3n de Medio Ambiente<\/p>\n<p>b)\u00a0\u00a0\u00a0\u00a0 Direcci\u00f3n de Agua potable<\/p>\n<p>c)\u00a0\u00a0\u00a0\u00a0\u00a0 Direcci\u00f3n de Vivienda<\/td>\n<td width=\"155\">&nbsp;<\/p>\n<p>&#8211; Carlos Orozco Visbal<\/p>\n<p>&#8211; Carolina Yacaman<\/p>\n<p>&#8211; Edith Salas<\/p>\n<p>&nbsp;<\/td>\n<\/tr>\n<tr>\n<td width=\"112\">15 de Julio de 2015<\/td>\n<td width=\"197\">1. Secretar\u00eda General<\/p>\n<p>a)\u00a0\u00a0\u00a0\u00a0 Direcci\u00f3n administrativa de Log\u00edstica y Recursos F\u00edsicos<\/p>\n<p>b)\u00a0\u00a0\u00a0\u00a0 Direcci\u00f3n administrativa de Talento Humano<\/p>\n<p>d)\u00a0\u00a0\u00a0\u00a0 Direcci\u00f3n Administrativa de Gesti\u00f3n Institucional<\/td>\n<td width=\"155\">-Francy Valenzuela Abril<\/p>\n<p>&nbsp;<\/p>\n<p>&nbsp;<\/p>\n<p>&nbsp;<\/td>\n<\/tr>\n<tr>\n<td width=\"112\">21 de Julio de 2015<\/td>\n<td width=\"197\">2. Secretar\u00eda Privada<\/p>\n<p>&nbsp;<\/p>\n<p>3. Unidad de Prensa y Comunicaci\u00f3n<\/p>\n<p>&nbsp;<\/p>\n<p>4. Loter\u00eda de Bol\u00edvar la Nueva Millonaria del Caribe.<\/p>\n<p>&nbsp;<\/td>\n<td width=\"155\">-Mar\u00eda Stella Larios<\/p>\n<p>&nbsp;<\/p>\n<p>-Germ\u00e1n Danilo Hern\u00e1ndez<\/p>\n<p>&nbsp;<\/p>\n<p>-Mario Yepez del Potillo<\/p>\n<p>&nbsp;<\/p>\n<p>&nbsp;<\/td>\n<\/tr>\n<tr>\n<td width=\"112\">22 de Julio de 2015<\/td>\n<td width=\"197\">1. Fondo de Tr\u00e1nsito y Transporte en liquidaci\u00f3n<\/p>\n<p>&nbsp;<\/p>\n<p>2. Secretar\u00eda de Tr\u00e1nsito y Transporte.<\/p>\n<p>&nbsp;<\/td>\n<td width=\"155\">-Juli\u00e1n Gonz\u00e1lez Roa<\/p>\n<p>&nbsp;<\/p>\n<p>&nbsp;<\/p>\n<p>&#8211; Liz Fortich<\/td>\n<\/tr>\n<tr>\n<td width=\"112\">28 de Julio de 2015<\/td>\n<td width=\"197\">1. Instituto de Cultura y Turismo de Bol\u00edvar.<\/p>\n<p>&nbsp;<\/p>\n<p>2. \u00a0 Iderbol<\/td>\n<td width=\"155\">&#8211; Margarita D\u00edaz Casas<\/p>\n<p>&nbsp;<\/p>\n<p>&#8211; Jaime Herrera Salvador<\/p>\n<p>&nbsp;<\/td>\n<\/tr>\n<tr>\n<td width=\"112\">29 de Julio de 2015<\/td>\n<td width=\"197\">2. Direcci\u00f3n de apoyo al Sur de Bol\u00edvar<\/p>\n<p>&nbsp;<\/p>\n<p>3. Direcci\u00f3n de Desarrollo Social<\/p>\n<p>&nbsp;<\/td>\n<td width=\"155\">&#8211; Blanca Dumar Franco<\/p>\n<p>&nbsp;<\/p>\n<p>-Hilue Badran Morales<\/td>\n<\/tr>\n<\/tbody>\n<\/table>\n<p>&nbsp;<\/p>\n<p>((( Fin del comunicado. Agradecemos su divulgaci\u00f3n. )))<\/p>\n","protected":false},"excerpt":{"rendered":"<p>El 23 de junio qued\u00f3 definido como fecha de inicio de la agenda de control pol\u00edtico de la Asamblea Departamental sobre la Gobernaci\u00f3n de Bol\u00edvar, con los debates a las secretar\u00edas de Planeaci\u00f3n y Hacienda. En la sesi\u00f3n de este martes 16 de junio, la comisi\u00f3n de diputados conformada por Miguel Cu\u00e9ter, V\u00edctor Mendoza, Orieta V\u00e1squez y Colombia Adu\u00e9n, present\u00f3 a la plenaria el cronograma completo de las citaciones, que fue aprobado. El presidente de la Asamblea Departamental, Jorge Rodr\u00edguez Sosa, se\u00f1al\u00f3 que las sesiones con los debates se cumplir\u00e1n&#8230; <\/p>\n","protected":false},"author":3,"featured_media":0,"comment_status":"open","ping_status":"closed","sticky":false,"template":"","format":"standard","meta":{"footnotes":"","_links_to":"","_links_to_target":""},"categories":[28,4],"tags":[],"class_list":["post-6880","post","type-post","status-publish","format-standard","hentry","category-politica-asamblea","category-politica"],"_links":{"self":[{"href":"https:\/\/revistazetta.com\/index.php?rest_route=\/wp\/v2\/posts\/6880","targetHints":{"allow":["GET"]}}],"collection":[{"href":"https:\/\/revistazetta.com\/index.php?rest_route=\/wp\/v2\/posts"}],"about":[{"href":"https:\/\/revistazetta.com\/index.php?rest_route=\/wp\/v2\/types\/post"}],"author":[{"embeddable":true,"href":"https:\/\/revistazetta.com\/index.php?rest_route=\/wp\/v2\/users\/3"}],"replies":[{"embeddable":true,"href":"https:\/\/revistazetta.com\/index.php?rest_route=%2Fwp%2Fv2%2Fcomments&post=6880"}],"version-history":[{"count":0,"href":"https:\/\/revistazetta.com\/index.php?rest_route=\/wp\/v2\/posts\/6880\/revisions"}],"wp:attachment":[{"href":"https:\/\/revistazetta.com\/index.php?rest_route=%2Fwp%2Fv2%2Fmedia&parent=6880"}],"wp:term":[{"taxonomy":"category","embeddable":true,"href":"https:\/\/revistazetta.com\/index.php?rest_route=%2Fwp%2Fv2%2Fcategories&post=6880"},{"taxonomy":"post_tag","embeddable":true,"href":"https:\/\/revistazetta.com\/index.php?rest_route=%2Fwp%2Fv2%2Ftags&post=6880"}],"curies":[{"name":"wp","href":"https:\/\/api.w.org\/{rel}","templated":true}]}}