{"id":6987,"date":"2015-06-22T23:41:14","date_gmt":"2015-06-23T04:41:14","guid":{"rendered":"http:\/\/www.revistazetta.com\/?p=6987"},"modified":"2015-06-22T23:42:49","modified_gmt":"2015-06-23T04:42:49","slug":"6987","status":"publish","type":"post","link":"https:\/\/revistazetta.com\/?p=6987","title":{"rendered":"Dumek: cacique Cimarr\u00f3n con fechas y acuerdos con AICO y MAIS \u00bfUribe?"},"content":{"rendered":"<p><strong><a href=\"https:\/\/www.revistazetta.com\/wp-content\/uploads\/2015\/06\/Palenquero-2.jpg\"><img loading=\"lazy\" decoding=\"async\" class=\" size-medium wp-image-6990 alignright\" src=\"https:\/\/www.revistazetta.com\/wp-content\/uploads\/2015\/06\/Palenquero-2-300x188.jpg\" alt=\"Palenquero 2\" width=\"300\" height=\"188\" srcset=\"https:\/\/revistazetta.com\/wp-content\/uploads\/2015\/06\/Palenquero-2-300x188.jpg 300w, https:\/\/revistazetta.com\/wp-content\/uploads\/2015\/06\/Palenquero-2.jpg 576w\" sizes=\"auto, (max-width: 300px) 100vw, 300px\" \/><\/a><\/strong>Varias noticias produjo la campa\u00f1a de Dumek Turbay a la Gobernaci\u00f3n de Bol\u00edvar, tras ser ungido como Cacique de la Guardia Cimarrona de Palenque: tendr\u00e1 el respaldo de los partidos AICO Y MAIS; est\u00e1 en conversaciones con Centro Democr\u00e1tico del ex presidente \u00c1lvaro Uribe, y el 22 de julio inscribir\u00e1 su candidatura.<\/p>\n<p>Respecto de los acercamientos pol\u00edticos, confirm\u00f3 que ha venido dialogando con el senador Fernando Nicol\u00e1s Ara\u00fajo Rumi\u00e9, para reflejar en su programa de gobierno postulados comunes con Centro Democr\u00e1tico.<\/p>\n<p>Se conoci\u00f3 que el propio senador Uribe V\u00e9lez ir\u00e1 a El Carmen de Bol\u00edvar a proclamar una alianza para Gobernaci\u00f3n, y aunque Turbay Paz confirm\u00f3 acercamientos, no ratific\u00f3 si dicha visita ser\u00e1 para anunciar esta eventual alianza del candidato liberal con el partido Centro Democr\u00e1tico. \u201cEn los Montes de Mar\u00eda se quiere y respeta al presidente \u00c1lvaro Uribe, y que m\u00e1s quisiera yo que esa adhesi\u00f3n se diera en mi tierra, el Carmen de Bol\u00edvar, donde tanto lo quieren a \u00e9l y tanto me quieren a m\u00ed\u201d.<\/p>\n<p>Lo que si confirm\u00f3 es que tiene un acuerdo con AICO, y este mi\u00e9rcoles viajar\u00e1 a Bogot\u00e1 para protocolizar el acuerdo con MAIS. Admiti\u00f3 que tambi\u00e9n conversa con sectores del Partido Conservador, Cambio Radical, con dirigentes del partido de la U.<\/p>\n<p>Respecto de la agenda alusiva al aval, programa de gobierno e inscripci\u00f3n, Dumek Turbay dijo que la primera semana de julio el Partido Liberal har\u00e1 la gran ceremonia protocolaria de la entrega del aval; el 17 de julio ser\u00e1 la presentaci\u00f3n del programa de gobierno, con un masivo acto popular, y el 22 de julio ser\u00e1 la inscripci\u00f3n ante la Registradur\u00eda Nacional del Estado Civil.<\/p>\n<p>Dijo que el programa de gobierno aludir\u00e1 a la reactivaci\u00f3n econ\u00f3mica y encadenamiento productivo del departamento, con m\u00e1s oportunidades para j\u00f3venes, mujeres, y adultos mayores; continuidad en los programas de infraestructura; con amplio espacio para el agro, la cultura y el deporte, y \u201cser\u00e1 un gobierno de resultados, con acciones efectivas y \u00fatiles. Adem\u00e1s una gran alianza con la Alcald\u00eda de Cartagena y el Gobierno nacional para luchar contra la inseguridad y lograr que la ciudad y la regi\u00f3n sean m\u00e1s competitivas\u201d.<\/p>\n<p><a href=\"https:\/\/www.revistazetta.com\/wp-content\/uploads\/2015\/06\/Palenquero-3.jpg\"><img loading=\"lazy\" decoding=\"async\" class=\" size-medium wp-image-6991 aligncenter\" src=\"https:\/\/www.revistazetta.com\/wp-content\/uploads\/2015\/06\/Palenquero-3-300x188.jpg\" alt=\"Palenquero 3\" width=\"300\" height=\"188\" srcset=\"https:\/\/revistazetta.com\/wp-content\/uploads\/2015\/06\/Palenquero-3-300x188.jpg 300w, https:\/\/revistazetta.com\/wp-content\/uploads\/2015\/06\/Palenquero-3.jpg 576w\" sizes=\"auto, (max-width: 300px) 100vw, 300px\" \/><\/a><\/p>\n<p><strong>Palenque nombra a Dumek Turbay cacique de la Guardia Cimarrona<\/strong><\/p>\n<p>El primer pueblo libre de Am\u00e9rica, San Basilio de Palenque se visti\u00f3 de fiesta para recibir al aspirante a la Gobernaci\u00f3n de Bol\u00edvar, Dumek Turbay Paz, a quien la Guardia Cimarrona le entreg\u00f3 el bast\u00f3n de mando, convirti\u00e9ndolo as\u00ed en su cacique.<\/p>\n<p>Dumek Turbay lleg\u00f3 a Palenque el pasado fin de semana para realizar un di\u00e1logo ciudadano en el que los palenqueros tuvieran la oportunidad de expresar sus necesidades e inquietudes, sin embargo, la comunidad aprovech\u00f3 el momento fue para expresarle todo su apoyo en el camino a la gobernaci\u00f3n del departamento.<\/p>\n<p>Ricardo Hern\u00e1ndez Navarro, representante legal de la Guardia Cimarrona, fue el encargado de entregarle a Dumek el bast\u00f3n de mando que lo acredita como el cacique de ese estamento palenquero, que es quien desde los tiempos ancestrales custodia el territorio. \u201cA partir de este momento usted pasa a ser el cacique de la guardia cimarrona. Es quien gu\u00eda, el bast\u00f3n de mando es el que abre y cierra los caminos y ahora es suyo\u201d, expres\u00f3 Ricardo Hern\u00e1ndez.<\/p>\n<p>Para Dumek es todo un honor poder portar ahora la vestimenta de la Guardia Cimarrona y sobretodo el Bast\u00f3n de Mando. \u201cEs un gran s\u00edmbolo para el gobierno para apoyar e impulsar los proyectos que para la comunidad palenquera son importantes para mejorar su calidad de vida. Estamos muy contentos de haber compartido con ellos y que la guardia Cimarrona tenga a bien entregarme su ropa, su gorro y su Bast\u00f3n de Mando\u201d<\/p>\n<p>Adem\u00e1s se mostr\u00f3 animado por el cari\u00f1o y la confianza que le entreg\u00f3 la comunidad que representa a\u00f1os de servicio por la comunidad palenquera que se ha representado en la construcci\u00f3n de la cancha m\u00faltiple y el coliseo de Boxeo Antonio Cervantes Kid Pambel\u00e9.<\/p>\n","protected":false},"excerpt":{"rendered":"<p>Varias noticias produjo la campa\u00f1a de Dumek Turbay a la Gobernaci\u00f3n de Bol\u00edvar, tras ser ungido como Cacique de la Guardia Cimarrona de Palenque: tendr\u00e1 el respaldo de los partidos AICO Y MAIS; est\u00e1 en conversaciones con Centro Democr\u00e1tico del ex presidente \u00c1lvaro Uribe, y el 22 de julio inscribir\u00e1 su candidatura. Respecto de los acercamientos pol\u00edticos, confirm\u00f3 que ha venido dialogando con el senador Fernando Nicol\u00e1s Ara\u00fajo Rumi\u00e9, para reflejar en su programa de gobierno postulados comunes con Centro Democr\u00e1tico. Se conoci\u00f3 que el propio senador Uribe V\u00e9lez ir\u00e1&#8230; <\/p>\n","protected":false},"author":3,"featured_media":6989,"comment_status":"open","ping_status":"closed","sticky":false,"template":"","format":"standard","meta":{"footnotes":"","_links_to":"","_links_to_target":""},"categories":[26,4],"tags":[],"class_list":["post-6987","post","type-post","status-publish","format-standard","has-post-thumbnail","hentry","category-politica-noticias","category-politica"],"_links":{"self":[{"href":"https:\/\/revistazetta.com\/index.php?rest_route=\/wp\/v2\/posts\/6987","targetHints":{"allow":["GET"]}}],"collection":[{"href":"https:\/\/revistazetta.com\/index.php?rest_route=\/wp\/v2\/posts"}],"about":[{"href":"https:\/\/revistazetta.com\/index.php?rest_route=\/wp\/v2\/types\/post"}],"author":[{"embeddable":true,"href":"https:\/\/revistazetta.com\/index.php?rest_route=\/wp\/v2\/users\/3"}],"replies":[{"embeddable":true,"href":"https:\/\/revistazetta.com\/index.php?rest_route=%2Fwp%2Fv2%2Fcomments&post=6987"}],"version-history":[{"count":0,"href":"https:\/\/revistazetta.com\/index.php?rest_route=\/wp\/v2\/posts\/6987\/revisions"}],"wp:featuredmedia":[{"embeddable":true,"href":"https:\/\/revistazetta.com\/index.php?rest_route=\/wp\/v2\/media\/6989"}],"wp:attachment":[{"href":"https:\/\/revistazetta.com\/index.php?rest_route=%2Fwp%2Fv2%2Fmedia&parent=6987"}],"wp:term":[{"taxonomy":"category","embeddable":true,"href":"https:\/\/revistazetta.com\/index.php?rest_route=%2Fwp%2Fv2%2Fcategories&post=6987"},{"taxonomy":"post_tag","embeddable":true,"href":"https:\/\/revistazetta.com\/index.php?rest_route=%2Fwp%2Fv2%2Ftags&post=6987"}],"curies":[{"name":"wp","href":"https:\/\/api.w.org\/{rel}","templated":true}]}}