{"id":7318,"date":"2015-07-08T22:46:37","date_gmt":"2015-07-09T03:46:37","guid":{"rendered":"http:\/\/www.revistazetta.com\/?p=7318"},"modified":"2015-07-08T22:46:37","modified_gmt":"2015-07-09T03:46:37","slug":"polo-democratico-no-encontro-candidato-y-votara-en-blanco","status":"publish","type":"post","link":"https:\/\/revistazetta.com\/?p=7318","title":{"rendered":"Polo Democr\u00e1tico no encontr\u00f3 candidato y votar\u00e1 en blanco"},"content":{"rendered":"<p>Ninguno de los candidatos a Alcald\u00eda o Gobernaci\u00f3n recibir\u00e1 el respaldo del Polo Democr\u00e1tico Alternativo, que decidi\u00f3 promover el voto en blanco como protesta por los malos gobiernos en Cartagena y Bol\u00edvar.<\/p>\n<p>El presidente del Comit\u00e9 Ejecutivo Departamental del Polo, David M\u00fanera Cavad\u00eda, anticip\u00f3 que dado que este partido no se sentir\u00e1 representado por quienes resulten electos alcalde y gobernador, estar\u00e1n en el ejercicio de la oposici\u00f3n.<\/p>\n<p>\u201cConsideramos que los actuales candidatos son m\u00e1s de lo mismo, de una u otra forma, en mayor o menor medida, todos han sido part\u00edcipes de la crisis que vive el Departamento y que vive la ciudad\u201d, declar\u00f3 a John Zamora, director de Revista Zetta.<\/p>\n<p>Se\u00f1al\u00f3 que se hizo el intento de llegar a un acuerdo con el partido Alianza Verde en torno al nombre del empresario y periodista Nabil B\u00e1ladi, pero ese acercamiento no prosper\u00f3, y tampoco hubo entendimiento con otros sectores alternativos.<\/p>\n<p>\u201cEs un rechazo a lo que viene sucediendo, a la corrupci\u00f3n, el clientelismo, y por eso invitamos a la ciudadan\u00eda a expresar su inconformidad votando en blanco.<\/p>\n","protected":false},"excerpt":{"rendered":"<p>Ninguno de los candidatos a Alcald\u00eda o Gobernaci\u00f3n recibir\u00e1 el respaldo del Polo Democr\u00e1tico Alternativo, que decidi\u00f3 promover el voto en blanco como protesta por los malos gobiernos en Cartagena y Bol\u00edvar. El presidente del Comit\u00e9 Ejecutivo Departamental del Polo, David M\u00fanera Cavad\u00eda, anticip\u00f3 que dado que este partido no se sentir\u00e1 representado por quienes resulten electos alcalde y gobernador, estar\u00e1n en el ejercicio de la oposici\u00f3n. \u201cConsideramos que los actuales candidatos son m\u00e1s de lo mismo, de una u otra forma, en mayor o menor medida, todos han sido&#8230; <\/p>\n","protected":false},"author":3,"featured_media":7264,"comment_status":"open","ping_status":"closed","sticky":false,"template":"","format":"standard","meta":{"footnotes":"","_links_to":"","_links_to_target":""},"categories":[30,4],"tags":[],"class_list":["post-7318","post","type-post","status-publish","format-standard","has-post-thumbnail","hentry","category-politica-entrevistas","category-politica"],"_links":{"self":[{"href":"https:\/\/revistazetta.com\/index.php?rest_route=\/wp\/v2\/posts\/7318","targetHints":{"allow":["GET"]}}],"collection":[{"href":"https:\/\/revistazetta.com\/index.php?rest_route=\/wp\/v2\/posts"}],"about":[{"href":"https:\/\/revistazetta.com\/index.php?rest_route=\/wp\/v2\/types\/post"}],"author":[{"embeddable":true,"href":"https:\/\/revistazetta.com\/index.php?rest_route=\/wp\/v2\/users\/3"}],"replies":[{"embeddable":true,"href":"https:\/\/revistazetta.com\/index.php?rest_route=%2Fwp%2Fv2%2Fcomments&post=7318"}],"version-history":[{"count":0,"href":"https:\/\/revistazetta.com\/index.php?rest_route=\/wp\/v2\/posts\/7318\/revisions"}],"wp:featuredmedia":[{"embeddable":true,"href":"https:\/\/revistazetta.com\/index.php?rest_route=\/wp\/v2\/media\/7264"}],"wp:attachment":[{"href":"https:\/\/revistazetta.com\/index.php?rest_route=%2Fwp%2Fv2%2Fmedia&parent=7318"}],"wp:term":[{"taxonomy":"category","embeddable":true,"href":"https:\/\/revistazetta.com\/index.php?rest_route=%2Fwp%2Fv2%2Fcategories&post=7318"},{"taxonomy":"post_tag","embeddable":true,"href":"https:\/\/revistazetta.com\/index.php?rest_route=%2Fwp%2Fv2%2Ftags&post=7318"}],"curies":[{"name":"wp","href":"https:\/\/api.w.org\/{rel}","templated":true}]}}