{"id":7336,"date":"2015-07-10T06:39:56","date_gmt":"2015-07-10T11:39:56","guid":{"rendered":"http:\/\/www.revistazetta.com\/?p=7336"},"modified":"2015-07-10T06:39:56","modified_gmt":"2015-07-10T11:39:56","slug":"piedad-zuccardi-dos-anos-y-medio-detenida-sin-juicio","status":"publish","type":"post","link":"https:\/\/revistazetta.com\/?p=7336","title":{"rendered":"Piedad Zuccardi, dos a\u00f1os y medio detenida sin juicio"},"content":{"rendered":"<p>(<a href=\"https:\/\/www.laotracara.co\" target=\"_blank\" rel=\"noopener\">www.laotracara.co<\/a>) La ex senadora del Partido de la U, Piedad Zuccardi Porras, complet\u00f3 dos a\u00f1os y cinco meses detenida por orden de la Sala Penal de la Corte Suprema de Justicia por supuesta relaci\u00f3n con paramilitares de la Costa Caribe, sin que esa entidad la haya llamado a juicio. La\u00a0dirigente pol\u00edtica se entreg\u00f3 a las autoridades el 23 de febrero de 2013.<\/p>\n<p>El abogado William Ad\u00e1n Rodr\u00edguez, defensor de la ex congresista, le pidi\u00f3 a la Corte Suprema el pasado 23 de junio de 2015, la libertad de Zuccardi porque se venci\u00f3 el tiempo para llamarla a juicio y no lo ha hecho. El alto tribunal de justicia le respondi\u00f3 el 26 de junio, neg\u00e1ndole la solicitud.<\/p>\n<p>Por eso, el apoderado de la ex congresista recurri\u00f3 la decisi\u00f3n de los magistrados el 6 de julio.<\/p>\n<p>La Corte no le dio la libertad a Zuccardi, sin embargo el mismo tribunal se contradice en su determinaci\u00f3n y deja claro que son seis meses para iniciarle el juicio a un procesado y en este caso reconoce que el t\u00e9rmino para iniciar esa esta etapa crucial en el proceso est\u00e1 vencido.<\/p>\n<p>La Sala Penal le dict\u00f3 resoluci\u00f3n de acusaci\u00f3n a la ex senadora de la U el\u00a09 de diciembre de 2013, pero ha transcurrido un a\u00f1o y siete meses desde entonces y el juicio no comienza.<\/p>\n<p>El\u00a0art\u00edculo 365, numeral 5 de la Ley 600 del 2000 dice que se decretar\u00e1 la libertad del procesado:\u00a0\u201cCuando hayan transcurrido m\u00e1s de seis (6) meses contados a partir de la ejecutoria de la resoluci\u00f3n de acusaci\u00f3n, sin que se hubiere celebrado la correspondiente audiencia p\u00fablica salvo que se hubieren decretado pruebas en el exterior o se est\u00e9 a la espera de su traslado, caso en el cual, el t\u00e9rmino se entiende ampliado hasta en seis (6) meses\u201d.<\/p>\n<p>La audiencia preparatoria del juicio se reiniciar\u00e1 a finales de agosto de 2015, en la cual la Corte decidir\u00e1 sobre las pruebas y nulidades que le ha negado a la defensa.<\/p>\n<p>(Tomado del portal www.laotracara.co)<\/p>\n","protected":false},"excerpt":{"rendered":"<p>(www.laotracara.co) La ex senadora del Partido de la U, Piedad Zuccardi Porras, complet\u00f3 dos a\u00f1os y cinco meses detenida por orden de la Sala Penal de la Corte Suprema de Justicia por supuesta relaci\u00f3n con paramilitares de la Costa Caribe, sin que esa entidad la haya llamado a juicio. La\u00a0dirigente pol\u00edtica se entreg\u00f3 a las autoridades el 23 de febrero de 2013. El abogado William Ad\u00e1n Rodr\u00edguez, defensor de la ex congresista, le pidi\u00f3 a la Corte Suprema el pasado 23 de junio de 2015, la libertad de Zuccardi porque&#8230; <\/p>\n","protected":false},"author":3,"featured_media":7332,"comment_status":"open","ping_status":"closed","sticky":false,"template":"","format":"standard","meta":{"footnotes":"","_links_to":"","_links_to_target":""},"categories":[2,35],"tags":[],"class_list":["post-7336","post","type-post","status-publish","format-standard","has-post-thumbnail","hentry","category-actualidad","category-actualidad-nacion"],"_links":{"self":[{"href":"https:\/\/revistazetta.com\/index.php?rest_route=\/wp\/v2\/posts\/7336","targetHints":{"allow":["GET"]}}],"collection":[{"href":"https:\/\/revistazetta.com\/index.php?rest_route=\/wp\/v2\/posts"}],"about":[{"href":"https:\/\/revistazetta.com\/index.php?rest_route=\/wp\/v2\/types\/post"}],"author":[{"embeddable":true,"href":"https:\/\/revistazetta.com\/index.php?rest_route=\/wp\/v2\/users\/3"}],"replies":[{"embeddable":true,"href":"https:\/\/revistazetta.com\/index.php?rest_route=%2Fwp%2Fv2%2Fcomments&post=7336"}],"version-history":[{"count":0,"href":"https:\/\/revistazetta.com\/index.php?rest_route=\/wp\/v2\/posts\/7336\/revisions"}],"wp:featuredmedia":[{"embeddable":true,"href":"https:\/\/revistazetta.com\/index.php?rest_route=\/wp\/v2\/media\/7332"}],"wp:attachment":[{"href":"https:\/\/revistazetta.com\/index.php?rest_route=%2Fwp%2Fv2%2Fmedia&parent=7336"}],"wp:term":[{"taxonomy":"category","embeddable":true,"href":"https:\/\/revistazetta.com\/index.php?rest_route=%2Fwp%2Fv2%2Fcategories&post=7336"},{"taxonomy":"post_tag","embeddable":true,"href":"https:\/\/revistazetta.com\/index.php?rest_route=%2Fwp%2Fv2%2Ftags&post=7336"}],"curies":[{"name":"wp","href":"https:\/\/api.w.org\/{rel}","templated":true}]}}