{"id":7337,"date":"2015-07-10T06:41:58","date_gmt":"2015-07-10T11:41:58","guid":{"rendered":"http:\/\/www.revistazetta.com\/?p=7337"},"modified":"2015-07-10T06:41:58","modified_gmt":"2015-07-10T11:41:58","slug":"con-su-nombre-en-alza-se-inscribe-william-garcia-tirado","status":"publish","type":"post","link":"https:\/\/revistazetta.com\/?p=7337","title":{"rendered":"Con su nombre en alza, se inscribe William Garc\u00eda Tirado"},"content":{"rendered":"<p>Con toda confianza y optimismo en el trabajo desplegado en los barrios, este viernes se inscribe William Garc\u00eda Tirado como candidato a la Alcald\u00eda de Cartagena, soportando su aspiraci\u00f3n en cerca de 200 mil firmas.<\/p>\n<p>El equipo de campa\u00f1a manifest\u00f3 que el deseo es no entorpecer la movilidad en el barrio de Manga, donde queda la sede de la Registradur\u00eda, \u201cporque se tiene claro que en el barrio Manga s\u00f3lo se cuenta con dos v\u00edas: una de un solo sentido y otras de dos. Por tal motivo, lo que menos se desea es entorpecer, ni retrasar los procesos que tengan las personas ajenas a este evento\u201d.<\/p>\n<p>\u201cNo habr\u00e1 festejo ni fiesta; s\u00f3lo se oficiar\u00e1 una misa para los asistentes, porque considero que este proyecto hay que ponerlo en manos de Dios, antes de festejar\u201d, enfatiz\u00f3 el candidato.<\/p>\n<p>\u201cTodos mis amigos est\u00e1n cordialmente invitados a que me acompa\u00f1en, de manera sana y organizada, este\u00a0este viernes 10 de julio a las 2:00 de la tarde, y a celebrar la misa en la que encomendaremos a Dios este nuevo reto para m\u00ed y para Cartagena\u201d, concluy\u00f3 el Candidato William Garc\u00eda Tirado.<\/p>\n","protected":false},"excerpt":{"rendered":"<p>Con toda confianza y optimismo en el trabajo desplegado en los barrios, este viernes se inscribe William Garc\u00eda Tirado como candidato a la Alcald\u00eda de Cartagena, soportando su aspiraci\u00f3n en cerca de 200 mil firmas. El equipo de campa\u00f1a manifest\u00f3 que el deseo es no entorpecer la movilidad en el barrio de Manga, donde queda la sede de la Registradur\u00eda, \u201cporque se tiene claro que en el barrio Manga s\u00f3lo se cuenta con dos v\u00edas: una de un solo sentido y otras de dos. Por tal motivo, lo que menos&#8230; <\/p>\n","protected":false},"author":3,"featured_media":0,"comment_status":"open","ping_status":"closed","sticky":false,"template":"","format":"standard","meta":{"footnotes":"","_links_to":"","_links_to_target":""},"categories":[26,4],"tags":[],"class_list":["post-7337","post","type-post","status-publish","format-standard","hentry","category-politica-noticias","category-politica"],"_links":{"self":[{"href":"https:\/\/revistazetta.com\/index.php?rest_route=\/wp\/v2\/posts\/7337","targetHints":{"allow":["GET"]}}],"collection":[{"href":"https:\/\/revistazetta.com\/index.php?rest_route=\/wp\/v2\/posts"}],"about":[{"href":"https:\/\/revistazetta.com\/index.php?rest_route=\/wp\/v2\/types\/post"}],"author":[{"embeddable":true,"href":"https:\/\/revistazetta.com\/index.php?rest_route=\/wp\/v2\/users\/3"}],"replies":[{"embeddable":true,"href":"https:\/\/revistazetta.com\/index.php?rest_route=%2Fwp%2Fv2%2Fcomments&post=7337"}],"version-history":[{"count":0,"href":"https:\/\/revistazetta.com\/index.php?rest_route=\/wp\/v2\/posts\/7337\/revisions"}],"wp:attachment":[{"href":"https:\/\/revistazetta.com\/index.php?rest_route=%2Fwp%2Fv2%2Fmedia&parent=7337"}],"wp:term":[{"taxonomy":"category","embeddable":true,"href":"https:\/\/revistazetta.com\/index.php?rest_route=%2Fwp%2Fv2%2Fcategories&post=7337"},{"taxonomy":"post_tag","embeddable":true,"href":"https:\/\/revistazetta.com\/index.php?rest_route=%2Fwp%2Fv2%2Ftags&post=7337"}],"curies":[{"name":"wp","href":"https:\/\/api.w.org\/{rel}","templated":true}]}}