{"id":7338,"date":"2015-07-10T06:45:42","date_gmt":"2015-07-10T11:45:42","guid":{"rendered":"http:\/\/www.revistazetta.com\/?p=7338"},"modified":"2015-07-10T06:45:42","modified_gmt":"2015-07-10T11:45:42","slug":"aval-implica-que-toda-la-u-deba-votar-por-yolanda-wong","status":"publish","type":"post","link":"https:\/\/revistazetta.com\/?p=7338","title":{"rendered":"Aval implica que toda la U deba votar por Yolanda Wong"},"content":{"rendered":"<p><a href=\"https:\/\/www.revistazetta.com\/wp-content\/uploads\/2015\/07\/DSC_0009.jpg\"><img loading=\"lazy\" decoding=\"async\" class=\" size-medium wp-image-7340 alignright\" src=\"https:\/\/www.revistazetta.com\/wp-content\/uploads\/2015\/07\/DSC_0009-300x188.jpg\" alt=\"DSC_0009\" width=\"300\" height=\"188\" srcset=\"https:\/\/revistazetta.com\/wp-content\/uploads\/2015\/07\/DSC_0009-300x188.jpg 300w, https:\/\/revistazetta.com\/wp-content\/uploads\/2015\/07\/DSC_0009.jpg 576w\" sizes=\"auto, (max-width: 300px) 100vw, 300px\" \/><\/a>La senadora Sandra Villadiego entreg\u00f3 a Yolanda Wong el aval que la acredita como candidata \u00fanica del partido de la U a la Gobernaci\u00f3n de Bol\u00edvar, por lo que toda la militancia deber\u00e1 votar por ella en las elecciones el pr\u00f3ximo 25 de octubre.<\/p>\n<p>Wong Baldiris hizo un llamado a la unidad del Partido, en clara referencia al senador Andr\u00e9s Felipe Garc\u00eda Zuccardi y el representante Alonso del R\u00edo Cabarcas, y dijo que se debe aplicar el lema del partido: unidos, como debe ser.<\/p>\n<p>La senadora Villaidego fue m\u00e1s all\u00e1, y dijo que ese sector del partido de la U est\u00e1 obligado a votar por Yolanda Wong, y que la normatividad prev\u00e9 sanciones para quien no acate la voluntad de la colectividad.<\/p>\n<p>La entrega del aval se efectu\u00f3 en la iglesia de la Trinidad, en Getseman\u00ed, donde Yolanda Wong extendi\u00f3 su invitaci\u00f3n a otras fuerzas pol\u00edticas a que se sumen a su propuesta. \u201cLiberales, conservadores, verdes, todo el que quiera el progreso de Bol\u00edvar, es bienvenido\u201d, expres\u00f3 la candidata.<\/p>\n<p>La fecha de inscripci\u00f3n de la candidatura no fue anunciada pues se est\u00e1 coordinando con la agenda de la Direcci\u00f3n Nacional para que venga en pleno a acompa\u00f1arla.<\/p>\n<p>En el acto de entrega del aval estuvo presente el ex representante a la C\u00e1mara El\u00edas Raad Hern\u00e1ndez. Tambi\u00e9n asisti\u00f3 como invitado el representante del partido Cambio Radial Hernando Padau\u00ed \u00c1lvarez, quien refrend\u00f3 su apoyo incondicional a la propuesta de Yolanda Wong.<\/p>\n<p><a href=\"https:\/\/www.revistazetta.com\/wp-content\/uploads\/2015\/07\/DSC_9994.jpg\"><img loading=\"lazy\" decoding=\"async\" class=\"alignnone size-medium wp-image-7341\" src=\"https:\/\/www.revistazetta.com\/wp-content\/uploads\/2015\/07\/DSC_9994-300x188.jpg\" alt=\"DSC_9994\" width=\"300\" height=\"188\" \/><\/a> <a href=\"https:\/\/www.revistazetta.com\/wp-content\/uploads\/2015\/07\/DSC_0024.jpg\"><img loading=\"lazy\" decoding=\"async\" class=\"alignnone size-medium wp-image-7342\" src=\"https:\/\/www.revistazetta.com\/wp-content\/uploads\/2015\/07\/DSC_0024-300x188.jpg\" alt=\"DSC_0024\" width=\"300\" height=\"188\" \/><\/a> <a href=\"https:\/\/www.revistazetta.com\/wp-content\/uploads\/2015\/07\/DSC_9979.jpg\"><img loading=\"lazy\" decoding=\"async\" class=\"alignnone size-medium wp-image-7343\" src=\"https:\/\/www.revistazetta.com\/wp-content\/uploads\/2015\/07\/DSC_9979-300x188.jpg\" alt=\"DSC_9979\" width=\"300\" height=\"188\" \/><\/a><\/p>\n","protected":false},"excerpt":{"rendered":"<p>La senadora Sandra Villadiego entreg\u00f3 a Yolanda Wong el aval que la acredita como candidata \u00fanica del partido de la U a la Gobernaci\u00f3n de Bol\u00edvar, por lo que toda la militancia deber\u00e1 votar por ella en las elecciones el pr\u00f3ximo 25 de octubre. Wong Baldiris hizo un llamado a la unidad del Partido, en clara referencia al senador Andr\u00e9s Felipe Garc\u00eda Zuccardi y el representante Alonso del R\u00edo Cabarcas, y dijo que se debe aplicar el lema del partido: unidos, como debe ser. La senadora Villaidego fue m\u00e1s all\u00e1,&#8230; <\/p>\n","protected":false},"author":3,"featured_media":0,"comment_status":"open","ping_status":"closed","sticky":false,"template":"","format":"standard","meta":{"footnotes":"","_links_to":"","_links_to_target":""},"categories":[26,4],"tags":[],"class_list":["post-7338","post","type-post","status-publish","format-standard","hentry","category-politica-noticias","category-politica"],"_links":{"self":[{"href":"https:\/\/revistazetta.com\/index.php?rest_route=\/wp\/v2\/posts\/7338","targetHints":{"allow":["GET"]}}],"collection":[{"href":"https:\/\/revistazetta.com\/index.php?rest_route=\/wp\/v2\/posts"}],"about":[{"href":"https:\/\/revistazetta.com\/index.php?rest_route=\/wp\/v2\/types\/post"}],"author":[{"embeddable":true,"href":"https:\/\/revistazetta.com\/index.php?rest_route=\/wp\/v2\/users\/3"}],"replies":[{"embeddable":true,"href":"https:\/\/revistazetta.com\/index.php?rest_route=%2Fwp%2Fv2%2Fcomments&post=7338"}],"version-history":[{"count":0,"href":"https:\/\/revistazetta.com\/index.php?rest_route=\/wp\/v2\/posts\/7338\/revisions"}],"wp:attachment":[{"href":"https:\/\/revistazetta.com\/index.php?rest_route=%2Fwp%2Fv2%2Fmedia&parent=7338"}],"wp:term":[{"taxonomy":"category","embeddable":true,"href":"https:\/\/revistazetta.com\/index.php?rest_route=%2Fwp%2Fv2%2Fcategories&post=7338"},{"taxonomy":"post_tag","embeddable":true,"href":"https:\/\/revistazetta.com\/index.php?rest_route=%2Fwp%2Fv2%2Ftags&post=7338"}],"curies":[{"name":"wp","href":"https:\/\/api.w.org\/{rel}","templated":true}]}}