{"id":7805,"date":"2015-08-04T08:44:47","date_gmt":"2015-08-04T13:44:47","guid":{"rendered":"http:\/\/www.revistazetta.com\/?p=7805"},"modified":"2015-08-04T08:44:47","modified_gmt":"2015-08-04T13:44:47","slug":"listas-definitivas-a-asamblea-departamental","status":"publish","type":"post","link":"https:\/\/revistazetta.com\/?p=7805","title":{"rendered":"Listas definitivas a Asamblea Departamental"},"content":{"rendered":"<p>Concluido el periodo de modificaciones de listas ante la Registradur\u00eda Nacional del Estado Civil, estos son los equipos definitivos que presentar\u00e1n partidos y movimientos pol\u00edticos para la Asamblea Departamental.<\/p>\n<p><strong>PARTIDO CONSERVADOR<\/strong><\/p>\n<p>Andr\u00e9s Guillermo Montes Celed\u00f3n<\/p>\n<p>Vinicio de Jes\u00fas Tafur D\u00edaz<\/p>\n<p>Eva Eugenia Marrugo Manjarrez<\/p>\n<p>Ra\u00fal Alberto Dom\u00ednguez G\u00f3mez<\/p>\n<p>Ad\u00e1n de Jes\u00fas Torres Yarzagaray<\/p>\n<p>Yamil Antonio Berr\u00edo Scaff<\/p>\n<p>Richard Orlando Coba Vaca<\/p>\n<p>Dora Eugenia G\u00f3mez Payares<\/p>\n<p>Jorley Isabel Restrepo Vargas<\/p>\n<p>Orlando Blanquicett Castro<\/p>\n<p>Linda Susana Jim\u00e9nez Castell\u00f3n<\/p>\n<p>Liz Karina Garrido \u00c1lvarez<\/p>\n<p>Claudia Johana Ram\u00edrez Ni\u00f1o<\/p>\n<p>Miguel Roberto Cu\u00e9ter Jeresaty<\/p>\n<p>&nbsp;<\/p>\n<p><strong>PARTIDO DE LA U<\/strong><\/p>\n<p>Carlos Andr\u00e9s Fern\u00e1ndez Adu\u00e9n<\/p>\n<p>Carlos Javier Buelvas Pertuz<\/p>\n<p>Delmis Manuel Fl\u00f3rez Lastre<\/p>\n<p>Mar\u00eda Antonia Franco N\u00fa\u00f1ez<\/p>\n<p>Jorge Rodr\u00edguez Sosa<\/p>\n<p>Darly Molina D\u00edaz<\/p>\n<p>Leydis Joana Mu\u00f1oz Salas<\/p>\n<p>Karol Edith Gonz\u00e1lez Santamar\u00eda<\/p>\n<p>Candelario Villamil Quiroz<\/p>\n<p>Frank Ricaurte Sossa<\/p>\n<p>Javier del Cristo de la Parra Alvarado<\/p>\n<p>Yesenia Paola Ortega Morales<\/p>\n<p>Diana Isabel Vargas Lozano<\/p>\n<p>Luis Bienvenido Padilla Sierra<\/p>\n<p>&nbsp;<\/p>\n<p><strong>PARTIDO LIBERAL<\/strong><\/p>\n<p>Ver\u00f3nica Mar\u00eda Payares V\u00e1squez<\/p>\n<p>Melania Esther \u00c1lvarez Lambra\u00f1o<\/p>\n<p>Pedro Joseph Ariza Buitrago<\/p>\n<p>Manuel Ram\u00f3n Bula Bula<\/p>\n<p>Ignacio Javier Becerra Ba\u00f1os<\/p>\n<p>Elkin Antonio Benavides Aguas<\/p>\n<p>Fabiola Isabel C\u00f3rdoba Marulanda<\/p>\n<p>Ceotilde Mar\u00eda \u00c1lvarez Vergara<\/p>\n<p>Fredy Enrique Torres Zapata<\/p>\n<p>Jos\u00e9 Hilario Bossio P\u00e9rez<\/p>\n<p>Daniel Antonio Vargas D\u00edaz<\/p>\n<p>&nbsp;<\/p>\n<p>&nbsp;<\/p>\n<p><strong>CENTRO DEMOCR\u00c1TICO<\/strong><\/p>\n<p>Enrique Cabrales Baquero<\/p>\n<p>Jos\u00e9 Luis Ochoa Rangel<\/p>\n<p>Delbys Esther Martelo Barrientos<\/p>\n<p>Mar\u00eda de La Concepci\u00f3n Torres Brieva<\/p>\n<p>Manuel Jacobo Fonseca Avenda\u00f1o<\/p>\n<p>Jorge Enrique Blanco Taj\u00e1n<\/p>\n<p>Mario Augusto del Cantillo Montalvo<\/p>\n<p>Kissy Johana Moreno Barrag\u00e1n<\/p>\n<p>Francisco Jos\u00e9 Gil Restrepo<\/p>\n<p>Nelson Guillermo Sarah Mart\u00ednez<\/p>\n<p>Yenis Carolina Barbur Urueta<\/p>\n<p>Myriam Casas Cotes<\/p>\n<p>Eligio Manuel \u00c1lvarez Arrieta<\/p>\n<p>Dairo Serrano Leones<\/p>\n<p>&nbsp;<\/p>\n<p><strong>ASI<\/strong><\/p>\n<p>Lorraine Paola Morales Pinto<\/p>\n<p>Luis Enrique Castro Miranda<\/p>\n<p>Amparo Toloza Campuzano<\/p>\n<p>Enrique Manuel Salas P.<\/p>\n<p>Hern\u00e1n Alberto Utria Coronel<\/p>\n<p>Mar\u00eda Consuelo Quintero Gil<\/p>\n<p>Andrea Carolina Salom Olivo<\/p>\n<p>Eliseo Gualdr\u00f3n Le\u00f3n<\/p>\n<p>Andrea Narv\u00e1ez Campo<\/p>\n<p>Carlos Andr\u00e9s Monterrosa Baquero<\/p>\n<p>Lucas Jos\u00e9 Puello Cabeza<\/p>\n<p>Manuel Antonio Vargas Caballero<\/p>\n<p>Sigifredo Padilla Herrera<\/p>\n<p>H\u00e9ctor Segundo P\u00e9rez Fern\u00e1ndez<\/p>\n<p><strong>\u00a0<\/strong><\/p>\n<p><strong>AICO<\/strong><\/p>\n<p>Hugo Reinaldo Rada Gamarra<\/p>\n<p>Franklin de la Rosa M\u00e1rquez<\/p>\n<p>Mildreth de la Puente Quiroz<\/p>\n<p>Lemar Vega Mercado<\/p>\n<p>Francisco Jim\u00e9nez Ar\u00e9valo<\/p>\n<p>Edilberto Dix Ortega<\/p>\n<p>Tania Elena Segura Torres<\/p>\n<p>C\u00e9sar Eugenio Fortich Palencia<\/p>\n<p>Jos\u00e9 de Jes\u00fas Pinz\u00f3n Quintero<\/p>\n<p>Hermes Jos\u00e9 Mart\u00ednez P\u00e9rez<\/p>\n<p>&nbsp;<\/p>\n<p><strong>PARTIDO ALIANZA VERDE<\/strong><\/p>\n<p>Sady Luz Paredes Carreazo<\/p>\n<p>Jes\u00fas Reyes Gossel\u00edn<\/p>\n<p>Fabio de Jes\u00fas Palacio Palencia<\/p>\n<p>Armando Luis Cardona Julio<\/p>\n<p>Ruby Ester Fortich Alarc\u00f3n<\/p>\n<p>Federico Carlos Ochoa Lorduy<\/p>\n<p>Rom\u00e1n Enrique Torres Redondo<\/p>\n<p>Dagoberto Polo Fl\u00f3rez<\/p>\n<p>Olga Beatr\u00edz Espitia D\u00edaz<\/p>\n<p>&nbsp;<\/p>\n<p><strong>CAMBIO RADICAL<\/strong><\/p>\n<p>V\u00edctor Hugo Mendoza Saleme<\/p>\n<p>Eugenio Rafael Mart\u00ednez Mora<\/p>\n<p>Amelia del Rosario Alandete de P\u00e9rez<\/p>\n<p>Libardo Antonio Simancas Guardo<\/p>\n<p>H\u00e9ctor Hidel Amaya Ferrucho<\/p>\n<p>Dioselina Narv\u00e1ez Meza<\/p>\n<p>Judith del Carmen Aguilar de Horta<\/p>\n<p>Yaniris Garc\u00eda Meza<\/p>\n<p>Manuel Jes\u00fas Berr\u00edo Scaff<\/p>\n<p>Liney Mendoza de la Cruz<\/p>\n<p>Jorge Alfonso Su\u00e1rez Redondo<\/p>\n<p>&nbsp;<\/p>\n<p><strong>OPCI\u00d3N CIUDADANA<\/strong><\/p>\n<p>Lucila Vanegas L\u00f3pez<\/p>\n<p>Liz Eliana Paniza Manjarr\u00e9s<\/p>\n<p>Margaret Qui\u00f1\u00f3nez Calderea<\/p>\n<p>Jairo Orozco Casta\u00f1o<\/p>\n<p>Orlando Ram\u00f3n Torres Caro<\/p>\n<p>Emiro Toro Palomino<\/p>\n<p>Libardo Bello Medina<\/p>\n<p>Isaac Enrique N\u00fa\u00f1ez Castro<\/p>\n<p>Jairo Alvarino R\u00edos<\/p>\n<p>Yimy Jorge Fern\u00e1ndez Naar<\/p>\n<p>Miguel \u00c1ngel Reguillo V\u00e1squez<\/p>\n<p>Natalia Jazime Oviedo<\/p>\n<p>L\u00eda Margarita Mu\u00f1oz Rangel<\/p>\n<p>&nbsp;<\/p>\n<p><strong>UNI\u00d3N PATRI\u00d3TICA<\/strong><\/p>\n<p>Roque Luis Monterrosa Salcedo<\/p>\n<p>Fryni Marcela Torres Contreras<\/p>\n<p>&nbsp;<\/p>\n<p><strong>POLO DEMOCR\u00c1TICO<\/strong><\/p>\n<p>Luis Carlos Fuentes P\u00e9rez<\/p>\n<p>Isela Beltr\u00e1n Mendoza<\/p>\n<p>V\u00edctor Rafael Acu\u00f1a P\u00e9rez<\/p>\n<p>Luis Alfredo V\u00e1squez Reyes<\/p>\n<p>Luzmila Matute Turizo<\/p>\n<p>Silvio Manuel Atencia Lozano<\/p>\n<p>&nbsp;<\/p>\n","protected":false},"excerpt":{"rendered":"<p>Concluido el periodo de modificaciones de listas ante la Registradur\u00eda Nacional del Estado Civil, estos son los equipos definitivos que presentar\u00e1n partidos y movimientos pol\u00edticos para la Asamblea Departamental. PARTIDO CONSERVADOR Andr\u00e9s Guillermo Montes Celed\u00f3n Vinicio de Jes\u00fas Tafur D\u00edaz Eva Eugenia Marrugo Manjarrez Ra\u00fal Alberto Dom\u00ednguez G\u00f3mez Ad\u00e1n de Jes\u00fas Torres Yarzagaray Yamil Antonio Berr\u00edo Scaff Richard Orlando Coba Vaca Dora Eugenia G\u00f3mez Payares Jorley Isabel Restrepo Vargas Orlando Blanquicett Castro Linda Susana Jim\u00e9nez Castell\u00f3n Liz Karina Garrido \u00c1lvarez Claudia Johana Ram\u00edrez Ni\u00f1o Miguel Roberto Cu\u00e9ter Jeresaty &nbsp; PARTIDO&#8230; <\/p>\n","protected":false},"author":3,"featured_media":7806,"comment_status":"open","ping_status":"closed","sticky":false,"template":"","format":"standard","meta":{"footnotes":"","_links_to":"","_links_to_target":""},"categories":[28,4],"tags":[],"class_list":["post-7805","post","type-post","status-publish","format-standard","has-post-thumbnail","hentry","category-politica-asamblea","category-politica"],"_links":{"self":[{"href":"https:\/\/revistazetta.com\/index.php?rest_route=\/wp\/v2\/posts\/7805","targetHints":{"allow":["GET"]}}],"collection":[{"href":"https:\/\/revistazetta.com\/index.php?rest_route=\/wp\/v2\/posts"}],"about":[{"href":"https:\/\/revistazetta.com\/index.php?rest_route=\/wp\/v2\/types\/post"}],"author":[{"embeddable":true,"href":"https:\/\/revistazetta.com\/index.php?rest_route=\/wp\/v2\/users\/3"}],"replies":[{"embeddable":true,"href":"https:\/\/revistazetta.com\/index.php?rest_route=%2Fwp%2Fv2%2Fcomments&post=7805"}],"version-history":[{"count":0,"href":"https:\/\/revistazetta.com\/index.php?rest_route=\/wp\/v2\/posts\/7805\/revisions"}],"wp:featuredmedia":[{"embeddable":true,"href":"https:\/\/revistazetta.com\/index.php?rest_route=\/wp\/v2\/media\/7806"}],"wp:attachment":[{"href":"https:\/\/revistazetta.com\/index.php?rest_route=%2Fwp%2Fv2%2Fmedia&parent=7805"}],"wp:term":[{"taxonomy":"category","embeddable":true,"href":"https:\/\/revistazetta.com\/index.php?rest_route=%2Fwp%2Fv2%2Fcategories&post=7805"},{"taxonomy":"post_tag","embeddable":true,"href":"https:\/\/revistazetta.com\/index.php?rest_route=%2Fwp%2Fv2%2Ftags&post=7805"}],"curies":[{"name":"wp","href":"https:\/\/api.w.org\/{rel}","templated":true}]}}