{"id":7973,"date":"2015-08-13T08:32:14","date_gmt":"2015-08-13T13:32:14","guid":{"rendered":"http:\/\/www.revistazetta.com\/?p=7973"},"modified":"2015-08-13T08:32:14","modified_gmt":"2015-08-13T13:32:14","slug":"fondo-bicentenario-la-mejor-apuesta-para-acceder-a-la-educacion-superior-en-cartagena","status":"publish","type":"post","link":"https:\/\/revistazetta.com\/?p=7973","title":{"rendered":"Fondo Bicentenario: la mejor apuesta para acceder a la educaci\u00f3n superior en Cartagena"},"content":{"rendered":"<p>La concejal Duvinia Torres Cohen exhort\u00f3 a la juventud a aprovechar los beneficios del Fondo Educativo bicentenario de Cartagena, creado por el Acuerdo 003 de 17 de Mayo de 2013, que sirvi\u00f3 de base para un acuerdo entre la Alcald\u00eda de Cartagena y el Icetex para promover la cofinanciaci\u00f3n de Cr\u00e9ditos Condonables para el acceso a la Educaci\u00f3n Superior del Distrito Tur\u00edstico y Cultural de Cartagena.<\/p>\n<p>Torres Cohen se\u00f1al\u00f3 que esta oportunidad para acceder a la Educaci\u00f3n Superior a j\u00f3venes que carecen de los recursos econ\u00f3micos, con la ventaja que la \u00fanica condici\u00f3n es terminar la carrera escogida.<\/p>\n<p>Este Convenio establece el apoyo econ\u00f3mico para estudiantes pertenecientes al Sisben con puntajes entre 0 y 80, que sean egresados de Instituciones educativas oficiales del Distrito de Cartagena y las No oficiales con matr\u00edcula contratada.\u00a0 Informa que tiene abierta la convocatoria para acceder a los programas ofrecidos por las Instituciones de Educaci\u00f3n Superior oferentes dentro del Fondo Educativo Bicentenario de Cartagena, para que soliciten su cr\u00e9dito condonable para el segundo semestre\u00a0 de 2015.<\/p>\n<p>&nbsp;<\/p>\n<p>\u00bfQui\u00e9nes pueden Aspirar?<\/p>\n<p>Para la convocatoria de beneficios pueden participar J\u00f3venes y Adultos Bachilleres egresados del Sistema Educativo Oficial de Cartagena, con Sisben de 0 a 80 puntos y pruebas de ICFES ganadas. Dichos aspirantes deben estar previamente inscritos y admitidos por las instituciones de educaci\u00f3n superior a participar en la convocatoria de no ser as\u00ed deber\u00e1n abstenerse de participar. Adem\u00e1s, el fondo cubre continuidad a los estudiantes que cumplan con los requisitos m\u00ednimos exigidos por el FEBIC.<\/p>\n<p>&nbsp;<\/p>\n<p>\u00bfCu\u00e1les son los Requisitos para Acceder?<\/p>\n<p>Requisitos para acceder a los recursos del Fondo: Los requisitos que deben cumplir los aspirantes a ser beneficiados del Fondo son:<\/p>\n<ol>\n<li>Ser egresado de una Instituci\u00f3n Educativa Oficial o con Matricula contratada del Distrito de Cartagena.<\/li>\n<li>Pertenecer al Sisben con puntajes entre 0 y 80.<\/li>\n<li>Acreditar admisi\u00f3n en un programa acad\u00e9mico en una instituci\u00f3n de Educaci\u00f3n Superior, con Sede en el Distrito de Cartagena.<\/li>\n<li>En caso de estar cursando un programa Acad\u00e9mico: adem\u00e1s de las condiciones anteriores deber\u00e1 acreditar un promedio m\u00ednimo de 3.2.<\/li>\n<li>En caso de haber suspendido sus estudios y desee continuar su programa acad\u00e9mico, debe cumplir con las anteriores condiciones y presentar la certificaci\u00f3n de la instituci\u00f3n de Educaci\u00f3n Superior de su aceptaci\u00f3n o reintegro.<\/li>\n<\/ol>\n<p>En caso que el n\u00famero de cupos a ofrecer sea inferior al n\u00famero de aspirantes a ser beneficiados, se escoger\u00e1n a aquellos estudiantes de<\/p>\n<p>Mejores condiciones acad\u00e9micas, determinadas estas por su promedio acad\u00e9mico y de menor estrato socioecon\u00f3mico.<\/p>\n<p>&nbsp;<\/p>\n<p>\u00bfQu\u00e9 puedo estudiar?<\/p>\n<p>Los interesados pueden acceder a cada uno de los programas de pregrado de las instituciones educativas de educaci\u00f3n superior radicadas en la ciudad de Cartagena.<\/p>\n<p>&nbsp;<\/p>\n<p>\u00bfCu\u00e1nto debe pagar el admitido?<\/p>\n<p>Los estudiantes que terminen su formaci\u00f3n acad\u00e9mica a trav\u00e9s del Fondo Educativo Bicentenario de Cartagena (FEBIC), deber\u00e1n solicitar al optar su t\u00edtulo profesional, la condonaci\u00f3n de cr\u00e9dito educativo suscrito con el ICETEX, por medio de la Secretaria de Educaci\u00f3n Distrital. Esta solicitud debe ser presentada a la Secretaria de Educaci\u00f3n Distrital por escrito con copia de diploma profesional, acta de grado y foto copia de la cedula.\u00a0 El 75% del valor de sus matriculas ser\u00e1 asumido por el Distrito a trav\u00e9s del FEBIC, y el 25% lo asumir\u00e1 la IES escogida para su formaci\u00f3n educativa.<\/p>\n<p>&nbsp;<\/p>\n<p>FECHA LIMITE PARA INSCRIPCIONES: Las inscripciones estar\u00e1n abierta del 10 al 15 de agosto de 2015,\u00a0 En la p\u00e1gina web de Icetex : <a href=\"https:\/\/www.icetex.gov.co\/\" target=\"_blank\" rel=\"noopener\">www.icetex.gov.co<\/a> , link Fondos<\/p>\n<p>&nbsp;<\/p>\n<p>Mayor informaci\u00f3n dirigirse a la Secretar\u00eda de Educaci\u00f3n Distrital de Cartagena, Centro Plazoleta Benkos Bioh\u00f3, Edificio el Mariscal.<\/p>\n<p>&nbsp;<\/p>\n","protected":false},"excerpt":{"rendered":"<p>La concejal Duvinia Torres Cohen exhort\u00f3 a la juventud a aprovechar los beneficios del Fondo Educativo bicentenario de Cartagena, creado por el Acuerdo 003 de 17 de Mayo de 2013, que sirvi\u00f3 de base para un acuerdo entre la Alcald\u00eda de Cartagena y el Icetex para promover la cofinanciaci\u00f3n de Cr\u00e9ditos Condonables para el acceso a la Educaci\u00f3n Superior del Distrito Tur\u00edstico y Cultural de Cartagena. Torres Cohen se\u00f1al\u00f3 que esta oportunidad para acceder a la Educaci\u00f3n Superior a j\u00f3venes que carecen de los recursos econ\u00f3micos, con la ventaja que&#8230; <\/p>\n","protected":false},"author":3,"featured_media":0,"comment_status":"open","ping_status":"closed","sticky":false,"template":"","format":"standard","meta":{"footnotes":"","_links_to":"","_links_to_target":""},"categories":[2,32],"tags":[],"class_list":["post-7973","post","type-post","status-publish","format-standard","hentry","category-actualidad","category-actualidad-distrito"],"_links":{"self":[{"href":"https:\/\/revistazetta.com\/index.php?rest_route=\/wp\/v2\/posts\/7973","targetHints":{"allow":["GET"]}}],"collection":[{"href":"https:\/\/revistazetta.com\/index.php?rest_route=\/wp\/v2\/posts"}],"about":[{"href":"https:\/\/revistazetta.com\/index.php?rest_route=\/wp\/v2\/types\/post"}],"author":[{"embeddable":true,"href":"https:\/\/revistazetta.com\/index.php?rest_route=\/wp\/v2\/users\/3"}],"replies":[{"embeddable":true,"href":"https:\/\/revistazetta.com\/index.php?rest_route=%2Fwp%2Fv2%2Fcomments&post=7973"}],"version-history":[{"count":0,"href":"https:\/\/revistazetta.com\/index.php?rest_route=\/wp\/v2\/posts\/7973\/revisions"}],"wp:attachment":[{"href":"https:\/\/revistazetta.com\/index.php?rest_route=%2Fwp%2Fv2%2Fmedia&parent=7973"}],"wp:term":[{"taxonomy":"category","embeddable":true,"href":"https:\/\/revistazetta.com\/index.php?rest_route=%2Fwp%2Fv2%2Fcategories&post=7973"},{"taxonomy":"post_tag","embeddable":true,"href":"https:\/\/revistazetta.com\/index.php?rest_route=%2Fwp%2Fv2%2Ftags&post=7973"}],"curies":[{"name":"wp","href":"https:\/\/api.w.org\/{rel}","templated":true}]}}