{"id":7975,"date":"2015-08-13T08:34:37","date_gmt":"2015-08-13T13:34:37","guid":{"rendered":"http:\/\/www.revistazetta.com\/?p=7975"},"modified":"2015-08-13T08:34:37","modified_gmt":"2015-08-13T13:34:37","slug":"dumek-el-candidato-de-la-seguridad-para-bolivar","status":"publish","type":"post","link":"https:\/\/revistazetta.com\/?p=7975","title":{"rendered":"Dumek, el candidato de la seguridad para Bol\u00edvar"},"content":{"rendered":"<p>El barrio de Los Calamares recibi\u00f3 este martes al candidato a la Gobernaci\u00f3n de Bol\u00edvar, Dumek Turbay, con una colorida caminata en la que participaron bandas, zanqueros, mu\u00f1econes y agrupaciones de baile. Durante la caminata presentaron al candidato como la mejor opci\u00f3n para regir los destinos del departamento.<\/p>\n<p>\u201cEste es un barrio con mucha riqueza cultural, deportiva, nos reciben con alegr\u00eda, con entusiasmo y estamos muy felices de estar compartiendo con ellos y adem\u00e1s trayendo nuestra propuesta y conquistando corazones y voluntades para que nuestro proyecto sea realmente ganador\u201d, expres\u00f3 Dumek Turbay durante el recorrido.<\/p>\n<p>Acompa\u00f1ado por la comunidad y el grupo de juventudes, Dumek camin\u00f3 por Los Calamares y parte de La Campi\u00f1a y escuch\u00f3 los clamores y preocupaciones de los ciudadanos, quienes sobretodo resaltan que Cartagena adolece de seguridad y de falta de oportunidades laborales, al tiempo que el costo de la vida sigue aumentando.<\/p>\n<p>\u201cVamos a trabajar por una Cartagena m\u00e1s segura, la ciudad m\u00e1s segura de Colombia, una ciudad con oportunidades para los j\u00f3venes, con la disposici\u00f3n para asumir los retos que tiene para generar el comercio y con ese comercio poder generarle riqueza y prosperidad a los cartageneros. As\u00ed que estamos trabajando en seguridad, en oportunidades y generaci\u00f3n de ingresos que es lo que necesitan los cartageneros\u201d, explic\u00f3 Dumek Turbay.<\/p>\n","protected":false},"excerpt":{"rendered":"<p>El barrio de Los Calamares recibi\u00f3 este martes al candidato a la Gobernaci\u00f3n de Bol\u00edvar, Dumek Turbay, con una colorida caminata en la que participaron bandas, zanqueros, mu\u00f1econes y agrupaciones de baile. Durante la caminata presentaron al candidato como la mejor opci\u00f3n para regir los destinos del departamento. \u201cEste es un barrio con mucha riqueza cultural, deportiva, nos reciben con alegr\u00eda, con entusiasmo y estamos muy felices de estar compartiendo con ellos y adem\u00e1s trayendo nuestra propuesta y conquistando corazones y voluntades para que nuestro proyecto sea realmente ganador\u201d, expres\u00f3&#8230; <\/p>\n","protected":false},"author":3,"featured_media":7980,"comment_status":"open","ping_status":"closed","sticky":false,"template":"","format":"standard","meta":{"footnotes":"","_links_to":"","_links_to_target":""},"categories":[26,4],"tags":[],"class_list":["post-7975","post","type-post","status-publish","format-standard","has-post-thumbnail","hentry","category-politica-noticias","category-politica"],"_links":{"self":[{"href":"https:\/\/revistazetta.com\/index.php?rest_route=\/wp\/v2\/posts\/7975","targetHints":{"allow":["GET"]}}],"collection":[{"href":"https:\/\/revistazetta.com\/index.php?rest_route=\/wp\/v2\/posts"}],"about":[{"href":"https:\/\/revistazetta.com\/index.php?rest_route=\/wp\/v2\/types\/post"}],"author":[{"embeddable":true,"href":"https:\/\/revistazetta.com\/index.php?rest_route=\/wp\/v2\/users\/3"}],"replies":[{"embeddable":true,"href":"https:\/\/revistazetta.com\/index.php?rest_route=%2Fwp%2Fv2%2Fcomments&post=7975"}],"version-history":[{"count":0,"href":"https:\/\/revistazetta.com\/index.php?rest_route=\/wp\/v2\/posts\/7975\/revisions"}],"wp:featuredmedia":[{"embeddable":true,"href":"https:\/\/revistazetta.com\/index.php?rest_route=\/wp\/v2\/media\/7980"}],"wp:attachment":[{"href":"https:\/\/revistazetta.com\/index.php?rest_route=%2Fwp%2Fv2%2Fmedia&parent=7975"}],"wp:term":[{"taxonomy":"category","embeddable":true,"href":"https:\/\/revistazetta.com\/index.php?rest_route=%2Fwp%2Fv2%2Fcategories&post=7975"},{"taxonomy":"post_tag","embeddable":true,"href":"https:\/\/revistazetta.com\/index.php?rest_route=%2Fwp%2Fv2%2Ftags&post=7975"}],"curies":[{"name":"wp","href":"https:\/\/api.w.org\/{rel}","templated":true}]}}