{"id":7983,"date":"2015-08-13T08:41:52","date_gmt":"2015-08-13T13:41:52","guid":{"rendered":"http:\/\/www.revistazetta.com\/?p=7983"},"modified":"2015-08-13T08:41:52","modified_gmt":"2015-08-13T13:41:52","slug":"nuevas-tendencias-en-derecho-penal-y-procesal-penal","status":"publish","type":"post","link":"https:\/\/revistazetta.com\/?p=7983","title":{"rendered":"Nuevas Tendencias en Derecho Penal y Procesal Penal"},"content":{"rendered":"<p>El Grupo Editorial Ib\u00e1\u00f1ez y Significamos Comunicaciones S&amp;Y, realizar\u00e1 el lanzamiento del libro \u201cTemas Actuales de Derecho Penal y Procesal Penal, una Visi\u00f3n Constitucional\u201d, el cual ser\u00e1 presentado por el reconocido\u00a0 jurista,\u00a0 Humberto Sierra Porto, abogado y magistrado colombiano, quien actualmente ejerce como juez en la Corte Interamericana de Derechos Humanos.<\/p>\n<p>La obra cuenta con la participaci\u00f3n de reconocidos autores tanto del \u00e1mbito nacional como internacional, entre los que se encuentran Luis Gustavo Moreno Rivera, Francisco Bernate, Manuel Fernando Quinche, Guillermo Mendoza Diago, Claudia L\u00f3pez, Carlos Guillermo Castro Cuenca, Carolina Pi\u00f1eres, Luis Ernesto Chiesa, entre otros autores y la entrevista al Doctor Kai Ambos, experto internacionalista miembro de la comisi\u00f3n creadora del Estatuto de Roma.<\/p>\n<p>El lanzamiento tendr\u00e1 lugar en Hotel Santa Clara, el d\u00eda jueves 13 de agosto a las 5:00 pm. Esperamos su asistencia.<\/p>\n<p>&nbsp;<\/p>\n","protected":false},"excerpt":{"rendered":"<p>El Grupo Editorial Ib\u00e1\u00f1ez y Significamos Comunicaciones S&amp;Y, realizar\u00e1 el lanzamiento del libro \u201cTemas Actuales de Derecho Penal y Procesal Penal, una Visi\u00f3n Constitucional\u201d, el cual ser\u00e1 presentado por el reconocido\u00a0 jurista,\u00a0 Humberto Sierra Porto, abogado y magistrado colombiano, quien actualmente ejerce como juez en la Corte Interamericana de Derechos Humanos. La obra cuenta con la participaci\u00f3n de reconocidos autores tanto del \u00e1mbito nacional como internacional, entre los que se encuentran Luis Gustavo Moreno Rivera, Francisco Bernate, Manuel Fernando Quinche, Guillermo Mendoza Diago, Claudia L\u00f3pez, Carlos Guillermo Castro Cuenca, Carolina&#8230; <\/p>\n","protected":false},"author":3,"featured_media":0,"comment_status":"open","ping_status":"closed","sticky":false,"template":"","format":"standard","meta":{"footnotes":"","_links_to":"","_links_to_target":""},"categories":[2,35],"tags":[],"class_list":["post-7983","post","type-post","status-publish","format-standard","hentry","category-actualidad","category-actualidad-nacion"],"_links":{"self":[{"href":"https:\/\/revistazetta.com\/index.php?rest_route=\/wp\/v2\/posts\/7983","targetHints":{"allow":["GET"]}}],"collection":[{"href":"https:\/\/revistazetta.com\/index.php?rest_route=\/wp\/v2\/posts"}],"about":[{"href":"https:\/\/revistazetta.com\/index.php?rest_route=\/wp\/v2\/types\/post"}],"author":[{"embeddable":true,"href":"https:\/\/revistazetta.com\/index.php?rest_route=\/wp\/v2\/users\/3"}],"replies":[{"embeddable":true,"href":"https:\/\/revistazetta.com\/index.php?rest_route=%2Fwp%2Fv2%2Fcomments&post=7983"}],"version-history":[{"count":0,"href":"https:\/\/revistazetta.com\/index.php?rest_route=\/wp\/v2\/posts\/7983\/revisions"}],"wp:attachment":[{"href":"https:\/\/revistazetta.com\/index.php?rest_route=%2Fwp%2Fv2%2Fmedia&parent=7983"}],"wp:term":[{"taxonomy":"category","embeddable":true,"href":"https:\/\/revistazetta.com\/index.php?rest_route=%2Fwp%2Fv2%2Fcategories&post=7983"},{"taxonomy":"post_tag","embeddable":true,"href":"https:\/\/revistazetta.com\/index.php?rest_route=%2Fwp%2Fv2%2Ftags&post=7983"}],"curies":[{"name":"wp","href":"https:\/\/api.w.org\/{rel}","templated":true}]}}