{"id":7985,"date":"2015-08-13T08:45:28","date_gmt":"2015-08-13T13:45:28","guid":{"rendered":"http:\/\/www.revistazetta.com\/?p=7985"},"modified":"2015-08-13T08:45:28","modified_gmt":"2015-08-13T13:45:28","slug":"jorge-useche-privilegia-politicas-para-la-mujer","status":"publish","type":"post","link":"https:\/\/revistazetta.com\/?p=7985","title":{"rendered":"Jorge Useche privilegia pol\u00edticas para la Mujer"},"content":{"rendered":"<p><a href=\"https:\/\/www.revistazetta.com\/wp-content\/uploads\/2015\/08\/DSC_0977.jpg\"><img loading=\"lazy\" decoding=\"async\" class=\" size-medium wp-image-7990 alignright\" src=\"https:\/\/www.revistazetta.com\/wp-content\/uploads\/2015\/08\/DSC_0977-300x188.jpg\" alt=\"DSC_0977\" width=\"300\" height=\"188\" \/><\/a>Desplegar acciones concretas que rediman y beneficien las condiciones de la Mujer en Cartagena es uno de los pilares en la plataforma program\u00e1tica de Jorge Useche Correa, candidato n\u00famero 6 en la lista al Concejo del partido Conservador.<\/p>\n<p>El joven dirigente dijo que las pol\u00edticas p\u00fablicas deben privilegiar a la Mujer cartagenera, especialmente a las madres cabeza de familia, desplazadas, v\u00edctimas de maltratos, y a las trabajadoras y emprendedoras.<\/p>\n<p>En un masivo encuentro con mujeres que respaldan su proyecto pol\u00edtico cumplido en el hotel Ibiza, sector bomba del Amparo, Jorge Useche Correa recogi\u00f3 las diferentes inquietudes respecto de la realidad actual de Cartagena, pues considera que la participaci\u00f3n de la mujer en el an\u00e1lisis de la situaci\u00f3n de la ciudad y, m\u00e1s que eso, en la toma de decisiones, es imperativa para que mejoren las condiciones.<\/p>\n<p>Propuestas en torno a la productividad, incorporaci\u00f3n de la fuerza laboral, seguridad ciudadana, restablecimiento de derechos, cultura, familia, entre otros temas se trabajaron en consenso y se incorporaron a la agenda program\u00e1tica de Jorge aseche Correa.<\/p>\n<p><a href=\"https:\/\/www.revistazetta.com\/wp-content\/uploads\/2015\/08\/DSC_0940.jpg\"><img loading=\"lazy\" decoding=\"async\" class=\"alignnone size-medium wp-image-7989\" src=\"https:\/\/www.revistazetta.com\/wp-content\/uploads\/2015\/08\/DSC_0940-300x188.jpg\" alt=\"DSC_0940\" width=\"300\" height=\"188\" \/><\/a> <a href=\"https:\/\/www.revistazetta.com\/wp-content\/uploads\/2015\/08\/DSC_0939.jpg\"><img loading=\"lazy\" decoding=\"async\" class=\"alignnone size-medium wp-image-7988\" src=\"https:\/\/www.revistazetta.com\/wp-content\/uploads\/2015\/08\/DSC_0939-300x188.jpg\" alt=\"DSC_0939\" width=\"300\" height=\"188\" \/><\/a> <a href=\"https:\/\/www.revistazetta.com\/wp-content\/uploads\/2015\/08\/DSC_0938.jpg\"><img loading=\"lazy\" decoding=\"async\" class=\"alignnone size-medium wp-image-7987\" src=\"https:\/\/www.revistazetta.com\/wp-content\/uploads\/2015\/08\/DSC_0938-300x188.jpg\" alt=\"DSC_0938\" width=\"300\" height=\"188\" \/><\/a><\/p>\n","protected":false},"excerpt":{"rendered":"<p>Desplegar acciones concretas que rediman y beneficien las condiciones de la Mujer en Cartagena es uno de los pilares en la plataforma program\u00e1tica de Jorge Useche Correa, candidato n\u00famero 6 en la lista al Concejo del partido Conservador. El joven dirigente dijo que las pol\u00edticas p\u00fablicas deben privilegiar a la Mujer cartagenera, especialmente a las madres cabeza de familia, desplazadas, v\u00edctimas de maltratos, y a las trabajadoras y emprendedoras. En un masivo encuentro con mujeres que respaldan su proyecto pol\u00edtico cumplido en el hotel Ibiza, sector bomba del Amparo, Jorge&#8230; <\/p>\n","protected":false},"author":3,"featured_media":7986,"comment_status":"open","ping_status":"closed","sticky":false,"template":"","format":"standard","meta":{"footnotes":"","_links_to":"","_links_to_target":""},"categories":[27,4],"tags":[],"class_list":["post-7985","post","type-post","status-publish","format-standard","has-post-thumbnail","hentry","category-politicaconcejo","category-politica"],"_links":{"self":[{"href":"https:\/\/revistazetta.com\/index.php?rest_route=\/wp\/v2\/posts\/7985","targetHints":{"allow":["GET"]}}],"collection":[{"href":"https:\/\/revistazetta.com\/index.php?rest_route=\/wp\/v2\/posts"}],"about":[{"href":"https:\/\/revistazetta.com\/index.php?rest_route=\/wp\/v2\/types\/post"}],"author":[{"embeddable":true,"href":"https:\/\/revistazetta.com\/index.php?rest_route=\/wp\/v2\/users\/3"}],"replies":[{"embeddable":true,"href":"https:\/\/revistazetta.com\/index.php?rest_route=%2Fwp%2Fv2%2Fcomments&post=7985"}],"version-history":[{"count":0,"href":"https:\/\/revistazetta.com\/index.php?rest_route=\/wp\/v2\/posts\/7985\/revisions"}],"wp:featuredmedia":[{"embeddable":true,"href":"https:\/\/revistazetta.com\/index.php?rest_route=\/wp\/v2\/media\/7986"}],"wp:attachment":[{"href":"https:\/\/revistazetta.com\/index.php?rest_route=%2Fwp%2Fv2%2Fmedia&parent=7985"}],"wp:term":[{"taxonomy":"category","embeddable":true,"href":"https:\/\/revistazetta.com\/index.php?rest_route=%2Fwp%2Fv2%2Fcategories&post=7985"},{"taxonomy":"post_tag","embeddable":true,"href":"https:\/\/revistazetta.com\/index.php?rest_route=%2Fwp%2Fv2%2Ftags&post=7985"}],"curies":[{"name":"wp","href":"https:\/\/api.w.org\/{rel}","templated":true}]}}