{"id":8075,"date":"2015-08-19T07:13:19","date_gmt":"2015-08-19T12:13:19","guid":{"rendered":"http:\/\/www.revistazetta.com\/?p=8075"},"modified":"2015-08-19T07:38:40","modified_gmt":"2015-08-19T12:38:40","slug":"se-nota-que-jorge-otero-dirige-a-armonias-de-bolivar","status":"publish","type":"post","link":"https:\/\/revistazetta.com\/?p=8075","title":{"rendered":"Se nota que Jorge Otero dirige a Armon\u00edas de Bol\u00edvar"},"content":{"rendered":"<p>Con la magistral direcci\u00f3n del maestro Jorge Daniel Otero Manchego, la banda sabanera Armon\u00edas de Bol\u00edvar de la Instituci\u00f3n Universitaria Bellas Artes y Ciencias de Bol\u00edvar (UNIBAC) arras\u00f3 en el 30\u00b0 Encuentro Nacional de Bandas, que se realiz\u00f3 este puente festivo en Sincelejo (Sucre), alz\u00e1ndose con seis de los siete premios en competencia.<\/p>\n<p>La banda en representaci\u00f3n del departamento de Bol\u00edvar gan\u00f3 las modalidades de Porro Tapao Instrumental con el tema\u00a0 \u00abQuerub\u00edn\u00bb, de Jos\u00e9 Ricardo P\u00e9rez; Porro Palitiao Instrumental con \u00abSabor a Fiesta\u00bb, de Danilo Mercado; Fandango Instrumental con \u00abEl Tazmania\u00bb, de D\u00e9iver Torres; Mejor Voz con \u00abPorro Internacional\u00bb, interpretado por William Orozco; Mejor Arreglo de Tema del Homenajeado y Banda Simpat\u00eda.<\/p>\n<p>Armon\u00edas de Bol\u00edvar est\u00e1 integrada por 20 m\u00fasicos del Conservatorio Adolfo Mej\u00eda de UNIBAC, que promueven la tradici\u00f3n musical de las sabanas con su investigaci\u00f3n, creaci\u00f3n e interpretaci\u00f3n. La banda ha tenido participaciones especiales en las tres versiones del Festival de Bandas que organiza la Gobernaci\u00f3n de Bol\u00edvar y en diferentes conciertos de Sonarte, donde se ha destacado por su magistral interpretaci\u00f3n de porros y fandangos.<\/p>\n<p>Sacra Nader David, Rectora de UNIBAC indic\u00f3, \u201cestamos muy orgullosos de esta lluvia de premios para Bol\u00edvar, es un logro muy importante que estos m\u00fasicos que se est\u00e1n formando en nuestras aulas, lleven el alto el nombre de nuestro departamento, mostrando el talento, el folclor, la creatividad y las habilidades que han cultivado en nuestro Conservatorio de M\u00fasica Adolfo Mej\u00eda\u201d.<\/p>\n<p>Era la primera vez que Armon\u00edas de Bol\u00edvar participaba en un Encuentro Nacional de Bandas, el evento que re\u00fane a los mayores exponentes de esta m\u00fasica popular. Tambi\u00e9n es la primera vez que una banda se lleva seis de los siete premios en esta competencia.\u00a0Los m\u00fasicos bolivarenses ganaron el derecho a concursar en este certamen al ser declarados fuera de concurso por su calidad art\u00edstica, en el Festival de Bandas de Choch\u00f3 (Sucre) realizado en el pasado mes de junio.<\/p>\n","protected":false},"excerpt":{"rendered":"<p>Con la magistral direcci\u00f3n del maestro Jorge Daniel Otero Manchego, la banda sabanera Armon\u00edas de Bol\u00edvar de la Instituci\u00f3n Universitaria Bellas Artes y Ciencias de Bol\u00edvar (UNIBAC) arras\u00f3 en el 30\u00b0 Encuentro Nacional de Bandas, que se realiz\u00f3 este puente festivo en Sincelejo (Sucre), alz\u00e1ndose con seis de los siete premios en competencia. La banda en representaci\u00f3n del departamento de Bol\u00edvar gan\u00f3 las modalidades de Porro Tapao Instrumental con el tema\u00a0 \u00abQuerub\u00edn\u00bb, de Jos\u00e9 Ricardo P\u00e9rez; Porro Palitiao Instrumental con \u00abSabor a Fiesta\u00bb, de Danilo Mercado; Fandango Instrumental con \u00abEl&#8230; <\/p>\n","protected":false},"author":3,"featured_media":8107,"comment_status":"open","ping_status":"closed","sticky":false,"template":"","format":"standard","meta":{"footnotes":"","_links_to":"","_links_to_target":""},"categories":[41,43],"tags":[],"class_list":["post-8075","post","type-post","status-publish","format-standard","has-post-thumbnail","hentry","category-cultura","category-cultura-musica"],"_links":{"self":[{"href":"https:\/\/revistazetta.com\/index.php?rest_route=\/wp\/v2\/posts\/8075","targetHints":{"allow":["GET"]}}],"collection":[{"href":"https:\/\/revistazetta.com\/index.php?rest_route=\/wp\/v2\/posts"}],"about":[{"href":"https:\/\/revistazetta.com\/index.php?rest_route=\/wp\/v2\/types\/post"}],"author":[{"embeddable":true,"href":"https:\/\/revistazetta.com\/index.php?rest_route=\/wp\/v2\/users\/3"}],"replies":[{"embeddable":true,"href":"https:\/\/revistazetta.com\/index.php?rest_route=%2Fwp%2Fv2%2Fcomments&post=8075"}],"version-history":[{"count":0,"href":"https:\/\/revistazetta.com\/index.php?rest_route=\/wp\/v2\/posts\/8075\/revisions"}],"wp:featuredmedia":[{"embeddable":true,"href":"https:\/\/revistazetta.com\/index.php?rest_route=\/wp\/v2\/media\/8107"}],"wp:attachment":[{"href":"https:\/\/revistazetta.com\/index.php?rest_route=%2Fwp%2Fv2%2Fmedia&parent=8075"}],"wp:term":[{"taxonomy":"category","embeddable":true,"href":"https:\/\/revistazetta.com\/index.php?rest_route=%2Fwp%2Fv2%2Fcategories&post=8075"},{"taxonomy":"post_tag","embeddable":true,"href":"https:\/\/revistazetta.com\/index.php?rest_route=%2Fwp%2Fv2%2Ftags&post=8075"}],"curies":[{"name":"wp","href":"https:\/\/api.w.org\/{rel}","templated":true}]}}