{"id":8082,"date":"2015-08-19T07:14:11","date_gmt":"2015-08-19T12:14:11","guid":{"rendered":"http:\/\/www.revistazetta.com\/?p=8082"},"modified":"2015-08-19T07:15:09","modified_gmt":"2015-08-19T12:15:09","slug":"innovar-debe-ser-habito-empresarial","status":"publish","type":"post","link":"https:\/\/revistazetta.com\/?p=8082","title":{"rendered":"Innovar debe ser h\u00e1bito empresarial"},"content":{"rendered":"<p>\u201cCreando Valor en Cartagena\u201d es el nombre del foro que se realizar\u00e1 este 19 de agosto en la C\u00e1mara de Comercio de Cartagena (CCC) que busca, con la exposici\u00f3n de los casos de \u00e9xito de varios empresarios y expertos en innovaci\u00f3n nacionales, fomentar la cultura de innovaci\u00f3n en la ciudad.<\/p>\n<p>El foro, de entrada libre, se realizar\u00e1 desde las 8:30 a.m. en la sede Centro de la C\u00e1mara y pretende, a trav\u00e9s del \u00a0reconocimiento de experiencias de ecosistemas de innovaci\u00f3n exitosos en el pa\u00eds, generar conocimientos sobre c\u00f3mo aportar a la sociedad a trav\u00e9s de la innovaci\u00f3n empresarial y social, y dar a conocer la propuesta de valor de la direcci\u00f3n de competitividad de la CCC.<\/p>\n<p>Seg\u00fan Juan Pablo V\u00e9lez, Director de Competitividad de la C\u00e1mara de Comercio, innovar significa la posibilidad de transformar ideas y conocimiento en nuevas ventajas econ\u00f3micas por eso, con este foro, se busca sensibilizar al tejido empresarial de la jurisdicci\u00f3n, de todos los sectores econ\u00f3micos, de lo importante que es la innovaci\u00f3n para el \u00e9xito de una organizaci\u00f3n.<\/p>\n<p>\u201cInnovar es una necesidad de todas las empresas; desde una peque\u00f1a que quiere cautivar con productos novedosos a su clientela local, hasta una gran empresa que busca conquistar nuevos mercados internacionales, deben innovar. A trav\u00e9s de las experiencia de los expertos y empresarios que estar\u00e1n en el foro le demostraremos a los asistentes que s\u00ed es posible\u201d apunt\u00f3 V\u00e9lez.<\/p>\n<p>&nbsp;<\/p>\n<p><strong>Los expertos<\/strong><\/p>\n<p><strong>\u00a0<\/strong>Conferencistas de la talla de Juan Pablo Fern\u00e1ndez,\u00a0consultor en innovaci\u00f3n empresarial que\u00a0ha ocupado importantes cargos en organizaciones como Alpina y\u00a0\u00a0Coca Cola; Ignacio Vidal, fundador de Socialab Colombia, ONG que busca generar impacto social positivo a nivel global mediante la b\u00fasqueda y el apoyo a emprendimientos disruptivos y sostenibles en etapa temprana; y\u00a0Carlos Andr\u00e9s Franco, experto liderando proyectos especiales de innovaci\u00f3n empresarial en la corporaci\u00f3n Ruta N, hacen parte de la plana de expertos que har\u00e1 parte del foro.<\/p>\n<p>A estos especialistas se sumar\u00e1 un panel de empresarios representativos de la ciudad que han liderado procesos de innovaci\u00f3n en importantes organizaciones, para \u00a0convertir el evento en un escenario para el intercambio de experiencias y aprendizajes.<\/p>\n<p>&nbsp;<\/p>\n<p><strong>\u00bfC\u00f3mo est\u00e1 la innovaci\u00f3n en Bol\u00edvar?<\/strong><\/p>\n<p>Un estudio realizado por Centro de Estudios para el Desarrollo y la Competitividad CEDEC de la C\u00e1mara de Comercio de Cartagena evidenci\u00f3, en t\u00e9rminos generales, que las empresas del departamento de Bol\u00edvar, con base en el C\u00f3digo Capital de Innovaci\u00f3n \u2013CCI- del Instituto Iberm\u00e1tica de Innovaci\u00f3n, y de acuerdo a la escalera de innovaci\u00f3n, se ubican en un nivel denominado \u201cmadurez gestionada\u201d, caracterizado porque las actividades de innovaci\u00f3n en estas empresas est\u00e1n fuertemente arraigadas en la composici\u00f3n estrat\u00e9gica de la organizaci\u00f3n.<\/p>\n<p>El estudio tambi\u00e9n evidencia que se identifican acciones en aspectos relacionados con la gesti\u00f3n estrat\u00e9gica, pero debilidades en lo concerniente a la gesti\u00f3n del conocimiento y gesti\u00f3n de la innovaci\u00f3n, elementos que se constituyen en factores diferenciadores de las empresas para el desarrollo de la innovaci\u00f3n y el logro de mayores ventajas competitivas. Este comportamiento se hace m\u00e1s evidente en las grandes y medianas empresas del departamento.<\/p>\n","protected":false},"excerpt":{"rendered":"<p>\u201cCreando Valor en Cartagena\u201d es el nombre del foro que se realizar\u00e1 este 19 de agosto en la C\u00e1mara de Comercio de Cartagena (CCC) que busca, con la exposici\u00f3n de los casos de \u00e9xito de varios empresarios y expertos en innovaci\u00f3n nacionales, fomentar la cultura de innovaci\u00f3n en la ciudad. El foro, de entrada libre, se realizar\u00e1 desde las 8:30 a.m. en la sede Centro de la C\u00e1mara y pretende, a trav\u00e9s del \u00a0reconocimiento de experiencias de ecosistemas de innovaci\u00f3n exitosos en el pa\u00eds, generar conocimientos sobre c\u00f3mo aportar a&#8230; <\/p>\n","protected":false},"author":3,"featured_media":0,"comment_status":"open","ping_status":"closed","sticky":false,"template":"","format":"standard","meta":{"footnotes":"","_links_to":"","_links_to_target":""},"categories":[3,50],"tags":[],"class_list":["post-8082","post","type-post","status-publish","format-standard","hentry","category-ciudad","category-empresa"],"_links":{"self":[{"href":"https:\/\/revistazetta.com\/index.php?rest_route=\/wp\/v2\/posts\/8082","targetHints":{"allow":["GET"]}}],"collection":[{"href":"https:\/\/revistazetta.com\/index.php?rest_route=\/wp\/v2\/posts"}],"about":[{"href":"https:\/\/revistazetta.com\/index.php?rest_route=\/wp\/v2\/types\/post"}],"author":[{"embeddable":true,"href":"https:\/\/revistazetta.com\/index.php?rest_route=\/wp\/v2\/users\/3"}],"replies":[{"embeddable":true,"href":"https:\/\/revistazetta.com\/index.php?rest_route=%2Fwp%2Fv2%2Fcomments&post=8082"}],"version-history":[{"count":0,"href":"https:\/\/revistazetta.com\/index.php?rest_route=\/wp\/v2\/posts\/8082\/revisions"}],"wp:attachment":[{"href":"https:\/\/revistazetta.com\/index.php?rest_route=%2Fwp%2Fv2%2Fmedia&parent=8082"}],"wp:term":[{"taxonomy":"category","embeddable":true,"href":"https:\/\/revistazetta.com\/index.php?rest_route=%2Fwp%2Fv2%2Fcategories&post=8082"},{"taxonomy":"post_tag","embeddable":true,"href":"https:\/\/revistazetta.com\/index.php?rest_route=%2Fwp%2Fv2%2Ftags&post=8082"}],"curies":[{"name":"wp","href":"https:\/\/api.w.org\/{rel}","templated":true}]}}