{"id":8084,"date":"2015-08-19T07:17:04","date_gmt":"2015-08-19T12:17:04","guid":{"rendered":"http:\/\/www.revistazetta.com\/?p=8084"},"modified":"2015-08-19T07:17:04","modified_gmt":"2015-08-19T12:17:04","slug":"rosario-ricardo-y-uribistas-afinan-la-partitura","status":"publish","type":"post","link":"https:\/\/revistazetta.com\/?p=8084","title":{"rendered":"Rosario Ricardo y Uribistas afinan la partitura"},"content":{"rendered":"<p><a href=\"https:\/\/www.revistazetta.com\/wp-content\/uploads\/2015\/08\/Comunicado-39.jpg\"><img loading=\"lazy\" decoding=\"async\" class=\" size-medium wp-image-8086 alignright\" src=\"https:\/\/www.revistazetta.com\/wp-content\/uploads\/2015\/08\/Comunicado-39-300x188.jpg\" alt=\"Comunicado 39\" width=\"300\" height=\"188\" \/><\/a>Ante los aspirantes al Concejo por el partido Centro Democr\u00e1tico fue presentada de manera oficial Rosario Ricardo como la candidata a Gobernaci\u00f3n que respalda esa colectividad.<\/p>\n<p>El encuentro estuvo presidido por la candidata a la Alcald\u00eda Gina Benedetti y por el aspirante al Concejo Luis Guillermo \u2018Mello\u2019 Otoya, quienes ofrecieron todo el entusiasmo del uribismo para llevarla a la Gobernaci\u00f3n de Bol\u00edvar. Junto a ellos estuvieron Gabriel Arango Bacci, Minerva Romero, Piedad Julio y Jairo Berr\u00edo, entre otros.<\/p>\n<p>El encuentro se dio en la casa sede de la campa\u00f1a de Luis Guillermo Otoya, cabeza de lista al Concejo por Centro Democr\u00e1tico.<\/p>\n<p>Durante su intervenci\u00f3n, Rosario Ricardo invit\u00f3 a los asistentes a pensar en los cartageneros y bolivarenses que se encuentran en la pobreza y no tienen oportunidades de empleo e ingresos, para tomarlos de fortaleza y seguir con ese compromiso de transformar la ciudad y el departamento.<\/p>\n<p>\u201cTenemos el reto de mirar a la gente a los ojos, decirle que crean, que nos den una oportunidad, que juntos queremos transformar a Bol\u00edvar. Podemos, podemos, podemos\u201d, subray\u00f3 la candidata de la gente.<\/p>\n<p>A su vez, Gina Benedetti dijo que \u201ctenemos una identidad y siempre he admirado a Rosario Ricardo por su dedicaci\u00f3n, su car\u00e1cter, su fuerza como mujer, su trabajo por la educaci\u00f3n, una mujer l\u00edder. Nos une la obra de nuestro querido l\u00edder \u00c1lvaro Uribe V\u00e9lez. Nos une la experiencia, ella fue gobernadora encargada y yo alcaldesa designada\u201d.<\/p>\n<p>Por su parte, Benedetti le entreg\u00f3 a Rosario Ricardo la llave de la seguridad y dijo \u201cesta es la llave de la seguridad, de las oportunidades, del cierre de la corrupci\u00f3n, de abrir la esperanza, del trabajo que vamos hacer para mejorar la salud y la seguridad, esta es la llave del futuro de Cartagena y Bol\u00edvar\u201d.<\/p>\n<p>Ambas candidatas coincidieron en se\u00f1alar que lo que las une e identifica es la capacidad de trabajo y esmero por mejorar las condiciones de la gente, adem\u00e1s de su fuerza y car\u00e1cter para tomar las decisiones correctas.<\/p>\n<p>Para el pr\u00f3ximo jueves qued\u00f3 establecido que se realizar\u00e1 la misma actividad con los aspirantes a Asamblea y Jal.<\/p>\n","protected":false},"excerpt":{"rendered":"<p>Ante los aspirantes al Concejo por el partido Centro Democr\u00e1tico fue presentada de manera oficial Rosario Ricardo como la candidata a Gobernaci\u00f3n que respalda esa colectividad. El encuentro estuvo presidido por la candidata a la Alcald\u00eda Gina Benedetti y por el aspirante al Concejo Luis Guillermo \u2018Mello\u2019 Otoya, quienes ofrecieron todo el entusiasmo del uribismo para llevarla a la Gobernaci\u00f3n de Bol\u00edvar. Junto a ellos estuvieron Gabriel Arango Bacci, Minerva Romero, Piedad Julio y Jairo Berr\u00edo, entre otros. El encuentro se dio en la casa sede de la campa\u00f1a de&#8230; <\/p>\n","protected":false},"author":3,"featured_media":0,"comment_status":"open","ping_status":"closed","sticky":false,"template":"","format":"standard","meta":{"footnotes":"","_links_to":"","_links_to_target":""},"categories":[26,4],"tags":[],"class_list":["post-8084","post","type-post","status-publish","format-standard","hentry","category-politica-noticias","category-politica"],"_links":{"self":[{"href":"https:\/\/revistazetta.com\/index.php?rest_route=\/wp\/v2\/posts\/8084","targetHints":{"allow":["GET"]}}],"collection":[{"href":"https:\/\/revistazetta.com\/index.php?rest_route=\/wp\/v2\/posts"}],"about":[{"href":"https:\/\/revistazetta.com\/index.php?rest_route=\/wp\/v2\/types\/post"}],"author":[{"embeddable":true,"href":"https:\/\/revistazetta.com\/index.php?rest_route=\/wp\/v2\/users\/3"}],"replies":[{"embeddable":true,"href":"https:\/\/revistazetta.com\/index.php?rest_route=%2Fwp%2Fv2%2Fcomments&post=8084"}],"version-history":[{"count":0,"href":"https:\/\/revistazetta.com\/index.php?rest_route=\/wp\/v2\/posts\/8084\/revisions"}],"wp:attachment":[{"href":"https:\/\/revistazetta.com\/index.php?rest_route=%2Fwp%2Fv2%2Fmedia&parent=8084"}],"wp:term":[{"taxonomy":"category","embeddable":true,"href":"https:\/\/revistazetta.com\/index.php?rest_route=%2Fwp%2Fv2%2Fcategories&post=8084"},{"taxonomy":"post_tag","embeddable":true,"href":"https:\/\/revistazetta.com\/index.php?rest_route=%2Fwp%2Fv2%2Ftags&post=8084"}],"curies":[{"name":"wp","href":"https:\/\/api.w.org\/{rel}","templated":true}]}}