{"id":8087,"date":"2015-08-19T07:22:34","date_gmt":"2015-08-19T12:22:34","guid":{"rendered":"http:\/\/www.revistazetta.com\/?p=8087"},"modified":"2015-08-19T07:22:34","modified_gmt":"2015-08-19T12:22:34","slug":"dumek-turbay-consolida-mayorias-en-lobas-e-isla-de-mompox","status":"publish","type":"post","link":"https:\/\/revistazetta.com\/?p=8087","title":{"rendered":"Dumek Turbay consolida mayor\u00edas en Lobas e Isla de Mompox"},"content":{"rendered":"<p><a href=\"https:\/\/www.revistazetta.com\/wp-content\/uploads\/2015\/08\/IMG_8899.jpg\"><img loading=\"lazy\" decoding=\"async\" class=\" size-medium wp-image-8090 alignright\" src=\"https:\/\/www.revistazetta.com\/wp-content\/uploads\/2015\/08\/IMG_8899-300x188.jpg\" alt=\"IMG_8899\" width=\"300\" height=\"188\" srcset=\"https:\/\/revistazetta.com\/wp-content\/uploads\/2015\/08\/IMG_8899-300x188.jpg 300w, https:\/\/revistazetta.com\/wp-content\/uploads\/2015\/08\/IMG_8899.jpg 576w\" sizes=\"auto, (max-width: 300px) 100vw, 300px\" \/><\/a>Dumek Turbay presidi\u00f3 masivas congregaciones en los municipios de San Fernando, Margarita, Mompox, Altos del Rosario, El Pe\u00f1\u00f3n, Hatillo de Loba, San Mart\u00edn de Loba y Barranco de Loba, en una marat\u00f3nica correr\u00eda por el sur de Bol\u00edvar, el pasado fin de semana.<\/p>\n<p>El candidato a la Gobernaci\u00f3n llev\u00f3 su propuesta de trabajo para el bienestar de los bolivarenses. \u201cEstamos muy contentos por la posibilidad de participaci\u00f3n que ha podido tener la comunidad, todo lo que nos han manifestado es importante parta seguir consolidando\u00a0 nuestra acci\u00f3n de campa\u00f1a y despu\u00e9s nuestra acci\u00f3n de gobierno y por supuesto los habitantes de esta regi\u00f3n est\u00e1n preocupados por las dif\u00edciles condiciones de vida, por la mala prestaci\u00f3n de los servicios p\u00fablicos y en ese sentido vamos a trabajar y vamos a plantear soluciones a esas situaciones que le quitan los sue\u00f1os y que los hacen ser una comunidad inconforme\u201d, expres\u00f3 Dumek Turbay.<\/p>\n<p>Durante su recorrido, Dumek Turbay estuvo acompa\u00f1ado por la senadora Daira Galvis y el aspirante a la Asamblea departamental Jorge Redondo del partido Cambio Radical y el diputado conservador Andr\u00e9s Montes. En los municipios de la Isla le fueron organizadas varias reuniones, entre ellas la del candidato a la Alcald\u00eda de Margarita Germ\u00e1n Montes y los candidatos a la Alcald\u00eda de Mompox Yiris Bayter, del Partido Liberal e In\u00e9s Arias de Cambio Radical.<\/p>\n<p><a href=\"https:\/\/www.revistazetta.com\/wp-content\/uploads\/2015\/08\/IMG_8861.jpg\"><img loading=\"lazy\" decoding=\"async\" class=\" size-medium wp-image-8091 alignleft\" src=\"https:\/\/www.revistazetta.com\/wp-content\/uploads\/2015\/08\/IMG_8861-300x188.jpg\" alt=\"IMG_8861\" width=\"300\" height=\"188\" srcset=\"https:\/\/revistazetta.com\/wp-content\/uploads\/2015\/08\/IMG_8861-300x188.jpg 300w, https:\/\/revistazetta.com\/wp-content\/uploads\/2015\/08\/IMG_8861.jpg 576w\" sizes=\"auto, (max-width: 300px) 100vw, 300px\" \/><\/a>\u201cEs una bendici\u00f3n que en los municipios, que hay unas rivalidades enormes, y los candidatos han dicho: \u201cestamos contigo, te apoyamos, te respaldamos por ser la mejor propuesta, por ser la persona que est\u00e1 m\u00e1s preparada para dirigir los destinos del departamento\u201d. Y eso nos llena de enormes responsabilidades y alegr\u00eda. Hemos podido compartir con ellos, gracias a Dios. Una gira extenuante, intensa, pero altamente productiva en la posibilidad de transmitirle a todos los bolivarenses por qu\u00e9 somos la mejor propuesta\u201d, puntualiz\u00f3.<\/p>\n<p>\u201cLos habitantes de esta regi\u00f3n est\u00e1n muy preocupados por la distancia con la capital de Bol\u00edvar que hace que los gobiernos no hagan mucha presencia y en ese sentido venimos a ratificar nuestro compromiso de hacer un gobierno itinerante, un gobierno de frente a las comunidades sobre todo a las comunidades que m\u00e1s lo necesitan. Ese es el compromiso que hemos asumido con esta regi\u00f3n y vamos a impulsar un gobierno de grandes transformaciones, un gobierno que piensa en grande y que le da a las comunidades lo que se merecen\u201d, expres\u00f3 Dumek durante su recorrido.<\/p>\n<p><a href=\"https:\/\/www.revistazetta.com\/wp-content\/uploads\/2015\/08\/Hatillo-de-Loba.jpg\"><img loading=\"lazy\" decoding=\"async\" class=\" size-medium wp-image-8092 alignright\" src=\"https:\/\/www.revistazetta.com\/wp-content\/uploads\/2015\/08\/Hatillo-de-Loba-300x188.jpg\" alt=\"Hatillo de Loba\" width=\"300\" height=\"188\" \/><\/a>Durante la correr\u00eda por esta zona del departamento, Dumek estuvo acompa\u00f1ado por la senadora Daira Galvis y el aspirante a la Asamblea por Cambio Radical, Jorge Redondo.<\/p>\n<p>\u201cDumek Turbay es un hombre preparado, tiene la experiencia, es una persona trabajadora, educada y noble, con capacidad de servicio y quien tiene esas caracter\u00edsticas necesariamente ser\u00e1 un buen candidato y l\u00f3gicamente un buen gobernador\u201d, indic\u00f3 la senadora Daira Galvis.<\/p>\n<p>\u201cDumek Turbay representa esa idiosincrasia y esa oportunidad que necesitamos los de la provincia bolivarense, demostrar que somos capaces, demostrar que tenemos la experiencia y sobre todo que tenemos el conocimiento del departamento para poder gerenciar los recursos. No se puede improvisar y en ese sentido tenemos que tener la oportunidad de que alguien con la experiencia de Dumek Turbay est\u00e9 gerenciando el departamento de Bol\u00edvar\u201d, agreg\u00f3 Jorge Redondo.<\/p>\n<p>Dumek Turbay recibi\u00f3 el apoyo de los candidatos a la alcald\u00eda Amaury \u201cEl Pichy\u201d Montes, de Altos del Rosario; Maryolis Gonz\u00e1lez Amar\u00eds y Jaisin Fern\u00e1ndez, exalcalde de Hatillo de Loba; Juan Rubiano y Adalberto \u201cPocho\u201d Menco de San Mart\u00edn de Loba; Uldarico Toloza, de Barranco de Loba y \u00a0Arling Arias de El Pe\u00f1\u00f3n.<\/p>\n<p>Dumek Turbay continu\u00f3 su correr\u00eda dirigi\u00e9ndose a la Isla de Mompox donde tambi\u00e9n fiuerecibido por aspirantes a la alcald\u00eda que asumieron como propio el proyecto del Bol\u00edvar Avanza del candidato Liberal.<\/p>\n<p><a href=\"https:\/\/www.revistazetta.com\/wp-content\/uploads\/2015\/08\/El-pe\u00f1on.jpg\"><img loading=\"lazy\" decoding=\"async\" class=\"alignnone size-medium wp-image-8093\" src=\"https:\/\/www.revistazetta.com\/wp-content\/uploads\/2015\/08\/El-pe\u00f1on-300x188.jpg\" alt=\"El pe\u00f1on\" width=\"300\" height=\"188\" \/><\/a><\/p>\n","protected":false},"excerpt":{"rendered":"<p>Dumek Turbay presidi\u00f3 masivas congregaciones en los municipios de San Fernando, Margarita, Mompox, Altos del Rosario, El Pe\u00f1\u00f3n, Hatillo de Loba, San Mart\u00edn de Loba y Barranco de Loba, en una marat\u00f3nica correr\u00eda por el sur de Bol\u00edvar, el pasado fin de semana. El candidato a la Gobernaci\u00f3n llev\u00f3 su propuesta de trabajo para el bienestar de los bolivarenses. \u201cEstamos muy contentos por la posibilidad de participaci\u00f3n que ha podido tener la comunidad, todo lo que nos han manifestado es importante parta seguir consolidando\u00a0 nuestra acci\u00f3n de campa\u00f1a y despu\u00e9s&#8230; <\/p>\n","protected":false},"author":3,"featured_media":0,"comment_status":"open","ping_status":"closed","sticky":false,"template":"","format":"standard","meta":{"footnotes":"","_links_to":"","_links_to_target":""},"categories":[26,4],"tags":[],"class_list":["post-8087","post","type-post","status-publish","format-standard","hentry","category-politica-noticias","category-politica"],"_links":{"self":[{"href":"https:\/\/revistazetta.com\/index.php?rest_route=\/wp\/v2\/posts\/8087","targetHints":{"allow":["GET"]}}],"collection":[{"href":"https:\/\/revistazetta.com\/index.php?rest_route=\/wp\/v2\/posts"}],"about":[{"href":"https:\/\/revistazetta.com\/index.php?rest_route=\/wp\/v2\/types\/post"}],"author":[{"embeddable":true,"href":"https:\/\/revistazetta.com\/index.php?rest_route=\/wp\/v2\/users\/3"}],"replies":[{"embeddable":true,"href":"https:\/\/revistazetta.com\/index.php?rest_route=%2Fwp%2Fv2%2Fcomments&post=8087"}],"version-history":[{"count":0,"href":"https:\/\/revistazetta.com\/index.php?rest_route=\/wp\/v2\/posts\/8087\/revisions"}],"wp:attachment":[{"href":"https:\/\/revistazetta.com\/index.php?rest_route=%2Fwp%2Fv2%2Fmedia&parent=8087"}],"wp:term":[{"taxonomy":"category","embeddable":true,"href":"https:\/\/revistazetta.com\/index.php?rest_route=%2Fwp%2Fv2%2Fcategories&post=8087"},{"taxonomy":"post_tag","embeddable":true,"href":"https:\/\/revistazetta.com\/index.php?rest_route=%2Fwp%2Fv2%2Ftags&post=8087"}],"curies":[{"name":"wp","href":"https:\/\/api.w.org\/{rel}","templated":true}]}}