{"id":8098,"date":"2015-08-19T07:27:35","date_gmt":"2015-08-19T12:27:35","guid":{"rendered":"http:\/\/www.revistazetta.com\/?p=8098"},"modified":"2015-08-19T07:27:35","modified_gmt":"2015-08-19T12:27:35","slug":"garcia-tirado-creare-la-universidad-distrital-gratuita","status":"publish","type":"post","link":"https:\/\/revistazetta.com\/?p=8098","title":{"rendered":"Garc\u00eda Tirado: Crear\u00e9 la Universidad Distrital gratuita\u00a0"},"content":{"rendered":"<p>En reuni\u00f3n sostenida con un grueso grupo de j\u00f3venes y padres de familia del barrio Canapote este fin de semana, el candidato a la Alcald\u00eda de Cartagena, William Garc\u00eda Tirado, explic\u00f3 que dentro de su programa de gobierno se encuentra la creaci\u00f3n de la Universidad P\u00fablica sin costo alguno para los estudiantes.<\/p>\n<p>Garc\u00eda tirado explic\u00f3 que esta universidad ser\u00e1 de car\u00e1cter p\u00fablico del orden distrital y se financiar\u00e1 con recursos propios gracias a la liberaci\u00f3n del presupuesto destinado a por lo menos dos Secretar\u00edas, las cuales ser\u00e1n suprimidas de la estructura org\u00e1nica de la actual administraci\u00f3n. Dentro de las posibles dependencias del distrito que se han pensado se encuentran, tentativamente, el Departamento Administrativo de Valorizaci\u00f3n Distrital y la Escuela de Gobierno y Liderazgo.<\/p>\n<p>El candidato a la Alcald\u00eda manifest\u00f3 que las clases ser\u00e1n impartidas utilizando los colegios p\u00fablicos en horario nocturno, para que \u201cnuestros j\u00f3venes se capaciten y tengan un mejor nivel de vida y que jam\u00e1s las empresas e industrias de Cartagena vuelvan a excusarse con el argumento de que no existe mano de obra calificada en la ciudad, para traer mano de obra for\u00e1nea y desplazar al cartagenero formado, necesitado y competente\u201d, enfatiz\u00f3 Garc\u00eda Tirado.<\/p>\n<p>Adem\u00e1s de eso, Garc\u00eda Tirado asegur\u00f3 que la Universidad Distrital Gratis se dar\u00e1 en ciclos proped\u00e9uticos, desde el nivel T\u00e9cnico, siguiendo con el Tecnol\u00f3gico, hasta alcanzar el Profesional.<\/p>\n","protected":false},"excerpt":{"rendered":"<p>En reuni\u00f3n sostenida con un grueso grupo de j\u00f3venes y padres de familia del barrio Canapote este fin de semana, el candidato a la Alcald\u00eda de Cartagena, William Garc\u00eda Tirado, explic\u00f3 que dentro de su programa de gobierno se encuentra la creaci\u00f3n de la Universidad P\u00fablica sin costo alguno para los estudiantes. Garc\u00eda tirado explic\u00f3 que esta universidad ser\u00e1 de car\u00e1cter p\u00fablico del orden distrital y se financiar\u00e1 con recursos propios gracias a la liberaci\u00f3n del presupuesto destinado a por lo menos dos Secretar\u00edas, las cuales ser\u00e1n suprimidas de la&#8230; <\/p>\n","protected":false},"author":3,"featured_media":0,"comment_status":"open","ping_status":"closed","sticky":false,"template":"","format":"standard","meta":{"footnotes":"","_links_to":"","_links_to_target":""},"categories":[26,4],"tags":[],"class_list":["post-8098","post","type-post","status-publish","format-standard","hentry","category-politica-noticias","category-politica"],"_links":{"self":[{"href":"https:\/\/revistazetta.com\/index.php?rest_route=\/wp\/v2\/posts\/8098","targetHints":{"allow":["GET"]}}],"collection":[{"href":"https:\/\/revistazetta.com\/index.php?rest_route=\/wp\/v2\/posts"}],"about":[{"href":"https:\/\/revistazetta.com\/index.php?rest_route=\/wp\/v2\/types\/post"}],"author":[{"embeddable":true,"href":"https:\/\/revistazetta.com\/index.php?rest_route=\/wp\/v2\/users\/3"}],"replies":[{"embeddable":true,"href":"https:\/\/revistazetta.com\/index.php?rest_route=%2Fwp%2Fv2%2Fcomments&post=8098"}],"version-history":[{"count":0,"href":"https:\/\/revistazetta.com\/index.php?rest_route=\/wp\/v2\/posts\/8098\/revisions"}],"wp:attachment":[{"href":"https:\/\/revistazetta.com\/index.php?rest_route=%2Fwp%2Fv2%2Fmedia&parent=8098"}],"wp:term":[{"taxonomy":"category","embeddable":true,"href":"https:\/\/revistazetta.com\/index.php?rest_route=%2Fwp%2Fv2%2Fcategories&post=8098"},{"taxonomy":"post_tag","embeddable":true,"href":"https:\/\/revistazetta.com\/index.php?rest_route=%2Fwp%2Fv2%2Ftags&post=8098"}],"curies":[{"name":"wp","href":"https:\/\/api.w.org\/{rel}","templated":true}]}}