{"id":8215,"date":"2015-08-24T22:14:32","date_gmt":"2015-08-25T03:14:32","guid":{"rendered":"http:\/\/www.revistazetta.com\/?p=8215"},"modified":"2015-08-25T05:24:56","modified_gmt":"2015-08-25T10:24:56","slug":"orbita-politica-de-john-zamora-lunes-24-agosto","status":"publish","type":"post","link":"https:\/\/revistazetta.com\/?p=8215","title":{"rendered":"\u00d3rbita Pol\u00edtica de John Zamora &#8211; martes 25 agosto"},"content":{"rendered":"<p><strong>Los votos de Saray<\/strong><\/p>\n<p>La gente que vota con Saray Aguas qued\u00f3 muy disgustada con el partido Alianza Verde por haberle negado el aval a su l\u00edder para aspirar a la reelecci\u00f3n como concejal, y tienen claro que dirigir\u00e1n sus esfuerzos electorales a favor de sus primos Eyder Benavides Aguas del partido de la U para el Concejo y de Elkin Benavides Aguas del partido Liberal para la Asamblea. En cuanto a Alcald\u00eda, el voto ser\u00e1 para Manuel Vicente Duque.<\/p>\n<p><strong>Los votos del Cacique<\/strong><\/p>\n<p>El \u201ccacique\u201d Alfredo D\u00edaz Ram\u00edrez votar\u00e1 por Antonio Quinto Guerra para Alcald\u00eda, pero no se sabe a\u00fan a qui\u00e9n respaldar\u00e1 a Gobernaci\u00f3n. El jefe del movimiento Madera ha sido variopinto en sus decisiones electorales, pues as\u00ed como estuvo en una \u00e9poca en la izquierda, y luego con el conservador Rodolfo Segovia Salas, en \u00e9pocas recientes ha estado con el grupo de la empresaria Enilse L\u00f3pez en el PIN y Opci\u00f3n Ciudadana.<\/p>\n<p><strong>Extras absurdas<\/strong><\/p>\n<p>El concejal David M\u00fanera dio en el blanco: las sesiones extras para estudiar las objeciones al acuerdo que establece el escudo Republicano son una perdedera de tiempo y dinero. Por eso, la iniciativa presentada por Vicente Blel Saad seguramente ser\u00e1 ratificada y ser\u00e1 el presidente del Concejo, David D\u00e1ger, quien sancione el acuerdo y lo haga de obligatorio acatamiento en Cartagena.<\/p>\n<p>En el Concejo no hay ambiente para las objeciones presentadas por el Alcalde Dionisio V\u00e9lez, y varios concejales se despacharon en contra de la convocatoria por absurda.<\/p>\n<p><strong>Fanny Guerrero es Quinto Guerra<\/strong><\/p>\n<p>En la reuni\u00f3n con candidatos a Alcald\u00eda de la Alianza Cartagena Propone sorprendi\u00f3 que por ausencia de Quinto Guerra, en su lugar estuviera Fanny Guerrero, la empresaria y dirigente gremial, quien hace parte tambi\u00e9n de la Junta Directiva de la C\u00e1mara de Comercio. Le correspondi\u00f3 hablar del programa Soluciones Serias para Cartagena y se le not\u00f3 versada en el asunto. Una mujer de peso en el mundo empresarial en el c\u00edrculo m\u00e1s alto de la campa\u00f1a de Quinto.<\/p>\n<p>&nbsp;<\/p>\n","protected":false},"excerpt":{"rendered":"<p>Los votos de Saray La gente que vota con Saray Aguas qued\u00f3 muy disgustada con el partido Alianza Verde por haberle negado el aval a su l\u00edder para aspirar a la reelecci\u00f3n como concejal, y tienen claro que dirigir\u00e1n sus esfuerzos electorales a favor de sus primos Eyder Benavides Aguas del partido de la U para el Concejo y de Elkin Benavides Aguas del partido Liberal para la Asamblea. En cuanto a Alcald\u00eda, el voto ser\u00e1 para Manuel Vicente Duque. Los votos del Cacique El \u201ccacique\u201d Alfredo D\u00edaz Ram\u00edrez votar\u00e1&#8230; <\/p>\n","protected":false},"author":3,"featured_media":8217,"comment_status":"open","ping_status":"closed","sticky":false,"template":"","format":"standard","meta":{"footnotes":"","_links_to":"","_links_to_target":""},"categories":[47,45],"tags":[],"class_list":["post-8215","post","type-post","status-publish","format-standard","has-post-thumbnail","hentry","category-john-zamora","category-orbita"],"_links":{"self":[{"href":"https:\/\/revistazetta.com\/index.php?rest_route=\/wp\/v2\/posts\/8215","targetHints":{"allow":["GET"]}}],"collection":[{"href":"https:\/\/revistazetta.com\/index.php?rest_route=\/wp\/v2\/posts"}],"about":[{"href":"https:\/\/revistazetta.com\/index.php?rest_route=\/wp\/v2\/types\/post"}],"author":[{"embeddable":true,"href":"https:\/\/revistazetta.com\/index.php?rest_route=\/wp\/v2\/users\/3"}],"replies":[{"embeddable":true,"href":"https:\/\/revistazetta.com\/index.php?rest_route=%2Fwp%2Fv2%2Fcomments&post=8215"}],"version-history":[{"count":0,"href":"https:\/\/revistazetta.com\/index.php?rest_route=\/wp\/v2\/posts\/8215\/revisions"}],"wp:featuredmedia":[{"embeddable":true,"href":"https:\/\/revistazetta.com\/index.php?rest_route=\/wp\/v2\/media\/8217"}],"wp:attachment":[{"href":"https:\/\/revistazetta.com\/index.php?rest_route=%2Fwp%2Fv2%2Fmedia&parent=8215"}],"wp:term":[{"taxonomy":"category","embeddable":true,"href":"https:\/\/revistazetta.com\/index.php?rest_route=%2Fwp%2Fv2%2Fcategories&post=8215"},{"taxonomy":"post_tag","embeddable":true,"href":"https:\/\/revistazetta.com\/index.php?rest_route=%2Fwp%2Fv2%2Ftags&post=8215"}],"curies":[{"name":"wp","href":"https:\/\/api.w.org\/{rel}","templated":true}]}}