{"id":8279,"date":"2015-08-26T08:02:44","date_gmt":"2015-08-26T13:02:44","guid":{"rendered":"http:\/\/www.revistazetta.com\/?p=8279"},"modified":"2015-08-26T08:02:44","modified_gmt":"2015-08-26T13:02:44","slug":"oscar-marin-perfila-primera-votacion-conservadora","status":"publish","type":"post","link":"https:\/\/revistazetta.com\/?p=8279","title":{"rendered":"\u00d3scar Mar\u00edn perfila primera votaci\u00f3n conservadora"},"content":{"rendered":"<p><a href=\"https:\/\/www.revistazetta.com\/wp-content\/uploads\/2015\/08\/IMG_4338.jpg\"><img loading=\"lazy\" decoding=\"async\" class=\" size-medium wp-image-8288 alignright\" src=\"https:\/\/www.revistazetta.com\/wp-content\/uploads\/2015\/08\/IMG_4338-300x188.jpg\" alt=\"IMG_4338\" width=\"300\" height=\"188\" \/><\/a>\u00d3scar Mar\u00edn, candidato al Concejo #10 en la lista del partido Conservador, demostr\u00f3 el pasado fin de semana que tiene toda la plataforma pol\u00edtica para obtener la primera votaci\u00f3n de esa colectividad.<\/p>\n<p>No solo inaugur\u00f3 su comando pol\u00edtico y despleg\u00f3 una presencia proselitista por toda la ciudad, sino que recibi\u00f3 el est\u00edmulo del candidato a la Alcald\u00eda, Antonio Quinto Guerra, quien lo considera una de sus fichas claves para la conformaci\u00f3n del nuevo Concejo de Cartagena y brindarle soluciones serias a la ciudad.<\/p>\n<p>Mar\u00edn ratific\u00f3 su compromiso para revisar la encuesta de Sisben, pues considera que est\u00e1 mal formulada desde Bogot\u00e1 y no refleja la realidad social de Cartagena, dejando por fuera a muchos cartageneros que deber\u00edan recibir los beneficios de ese sistema.<\/p>\n<p>Mar\u00edn, quien est\u00e1 haciendo campa\u00f1a en medio de la recuperaci\u00f3n tras sufrir fractura doble de tibia y peron\u00e9, expres\u00f3 que desde el Concejo de Cartagena seguir\u00e1 empe\u00f1ado en seguir transformando a Cartagena, y resalt\u00f3 como principales l\u00edneas de acci\u00f3n la recuperaci\u00f3n de la seguridad, la agilizaci\u00f3n de la movilidad y el mejoramiento de calidad y cobertura en salud y educaci\u00f3n, as\u00ed como el respaldo al emprendimiento, la cultura, el deporte y una acci\u00f3n privilegiada a favor de las personas en situaci\u00f3n de discapacidad.<\/p>\n<p><a href=\"https:\/\/www.revistazetta.com\/wp-content\/uploads\/2015\/08\/IMG_4336.jpg\"><img loading=\"lazy\" decoding=\"async\" class=\"alignnone size-medium wp-image-8287\" src=\"https:\/\/www.revistazetta.com\/wp-content\/uploads\/2015\/08\/IMG_4336-300x188.jpg\" alt=\"IMG_4336\" width=\"300\" height=\"188\" \/><\/a> <a href=\"https:\/\/www.revistazetta.com\/wp-content\/uploads\/2015\/08\/IMG_4332.jpg\"><img loading=\"lazy\" decoding=\"async\" class=\"alignnone size-medium wp-image-8286\" src=\"https:\/\/www.revistazetta.com\/wp-content\/uploads\/2015\/08\/IMG_4332-300x188.jpg\" alt=\"IMG_4332\" width=\"300\" height=\"188\" \/><\/a> <a href=\"https:\/\/www.revistazetta.com\/wp-content\/uploads\/2015\/08\/IMG_4327.jpg\"><img loading=\"lazy\" decoding=\"async\" class=\"alignnone size-medium wp-image-8285\" src=\"https:\/\/www.revistazetta.com\/wp-content\/uploads\/2015\/08\/IMG_4327-300x188.jpg\" alt=\"IMG_4327\" width=\"300\" height=\"188\" \/><\/a> <a href=\"https:\/\/www.revistazetta.com\/wp-content\/uploads\/2015\/08\/IMG_4325.jpg\"><img loading=\"lazy\" decoding=\"async\" class=\"alignnone size-medium wp-image-8284\" src=\"https:\/\/www.revistazetta.com\/wp-content\/uploads\/2015\/08\/IMG_4325-300x188.jpg\" alt=\"IMG_4325\" width=\"300\" height=\"188\" \/><\/a> <a href=\"https:\/\/www.revistazetta.com\/wp-content\/uploads\/2015\/08\/IMG_4322.jpg\"><img loading=\"lazy\" decoding=\"async\" class=\"alignnone size-medium wp-image-8283\" src=\"https:\/\/www.revistazetta.com\/wp-content\/uploads\/2015\/08\/IMG_4322-300x188.jpg\" alt=\"IMG_4322\" width=\"300\" height=\"188\" \/><\/a><\/p>\n","protected":false},"excerpt":{"rendered":"<p>\u00d3scar Mar\u00edn, candidato al Concejo #10 en la lista del partido Conservador, demostr\u00f3 el pasado fin de semana que tiene toda la plataforma pol\u00edtica para obtener la primera votaci\u00f3n de esa colectividad. No solo inaugur\u00f3 su comando pol\u00edtico y despleg\u00f3 una presencia proselitista por toda la ciudad, sino que recibi\u00f3 el est\u00edmulo del candidato a la Alcald\u00eda, Antonio Quinto Guerra, quien lo considera una de sus fichas claves para la conformaci\u00f3n del nuevo Concejo de Cartagena y brindarle soluciones serias a la ciudad. Mar\u00edn ratific\u00f3 su compromiso para revisar la&#8230; <\/p>\n","protected":false},"author":3,"featured_media":0,"comment_status":"open","ping_status":"closed","sticky":false,"template":"","format":"standard","meta":{"footnotes":"","_links_to":"","_links_to_target":""},"categories":[26,4],"tags":[],"class_list":["post-8279","post","type-post","status-publish","format-standard","hentry","category-politica-noticias","category-politica"],"_links":{"self":[{"href":"https:\/\/revistazetta.com\/index.php?rest_route=\/wp\/v2\/posts\/8279","targetHints":{"allow":["GET"]}}],"collection":[{"href":"https:\/\/revistazetta.com\/index.php?rest_route=\/wp\/v2\/posts"}],"about":[{"href":"https:\/\/revistazetta.com\/index.php?rest_route=\/wp\/v2\/types\/post"}],"author":[{"embeddable":true,"href":"https:\/\/revistazetta.com\/index.php?rest_route=\/wp\/v2\/users\/3"}],"replies":[{"embeddable":true,"href":"https:\/\/revistazetta.com\/index.php?rest_route=%2Fwp%2Fv2%2Fcomments&post=8279"}],"version-history":[{"count":0,"href":"https:\/\/revistazetta.com\/index.php?rest_route=\/wp\/v2\/posts\/8279\/revisions"}],"wp:attachment":[{"href":"https:\/\/revistazetta.com\/index.php?rest_route=%2Fwp%2Fv2%2Fmedia&parent=8279"}],"wp:term":[{"taxonomy":"category","embeddable":true,"href":"https:\/\/revistazetta.com\/index.php?rest_route=%2Fwp%2Fv2%2Fcategories&post=8279"},{"taxonomy":"post_tag","embeddable":true,"href":"https:\/\/revistazetta.com\/index.php?rest_route=%2Fwp%2Fv2%2Ftags&post=8279"}],"curies":[{"name":"wp","href":"https:\/\/api.w.org\/{rel}","templated":true}]}}