{"id":8465,"date":"2015-09-01T23:19:42","date_gmt":"2015-09-02T04:19:42","guid":{"rendered":"http:\/\/www.revistazetta.com\/?p=8465"},"modified":"2015-09-02T06:06:14","modified_gmt":"2015-09-02T11:06:14","slug":"yolanda-wong-hara-maraton-por-cartagena-de-42-horas","status":"publish","type":"post","link":"https:\/\/revistazetta.com\/?p=8465","title":{"rendered":"Yolanda Wong har\u00e1 \u201cMarat\u00f3n Por Cartagena\u201d de 42 horas"},"content":{"rendered":"<p>La aspirante a la Gobernaci\u00f3n de Bol\u00edvar, Yolanda Wong Baldiris, iniciar\u00e1 este viernes 4 de septiembre una \u201cMarat\u00f3n por Cartagena\u201d durante 42 horas continuas, para recorrer las tres localidades.<\/p>\n<p>Durante las 42 horas la candidata a la Gobernaci\u00f3n de Bol\u00edvar por el partido de la U participar\u00e1 en diferentes actividades, en las cuales estar\u00e1 interactuando con ni\u00f1os, j\u00f3venes, adultos, profesionales, amas de casa y ciudadanos de todos los gremios, con quienes sostendr\u00e1 un dialogo directo que le permitir\u00e1 conocer, de primera mano, el sentir de los cartageneros y las expectativas que tienen de sus nuevos gobernantes.<\/p>\n<p>\u201cSoy una mujer de retos y esta marat\u00f3n s\u00e9 que la terminaremos en victoria, porque la fuerza que necesitamos nos la da el pueblo que tambi\u00e9n se sumar\u00e1 a la Ola Blanca que me acompa\u00f1ar\u00e1 estas 42 horas seguidas por Cartagena\u201d dijo Yolanda Wong.<\/p>\n<p>La \u201cMarat\u00f3n por Cartagena iniciar\u00e1 este viernes 4 de septiembre a las 6 a.m y finalizar\u00e1 el s\u00e1bado 5 de septiembre a la media noche.<\/p>\n","protected":false},"excerpt":{"rendered":"<p>La aspirante a la Gobernaci\u00f3n de Bol\u00edvar, Yolanda Wong Baldiris, iniciar\u00e1 este viernes 4 de septiembre una \u201cMarat\u00f3n por Cartagena\u201d durante 42 horas continuas, para recorrer las tres localidades. Durante las 42 horas la candidata a la Gobernaci\u00f3n de Bol\u00edvar por el partido de la U participar\u00e1 en diferentes actividades, en las cuales estar\u00e1 interactuando con ni\u00f1os, j\u00f3venes, adultos, profesionales, amas de casa y ciudadanos de todos los gremios, con quienes sostendr\u00e1 un dialogo directo que le permitir\u00e1 conocer, de primera mano, el sentir de los cartageneros y las expectativas&#8230; <\/p>\n","protected":false},"author":3,"featured_media":0,"comment_status":"open","ping_status":"closed","sticky":false,"template":"","format":"standard","meta":{"footnotes":"","_links_to":"","_links_to_target":""},"categories":[26,4],"tags":[],"class_list":["post-8465","post","type-post","status-publish","format-standard","hentry","category-politica-noticias","category-politica"],"_links":{"self":[{"href":"https:\/\/revistazetta.com\/index.php?rest_route=\/wp\/v2\/posts\/8465","targetHints":{"allow":["GET"]}}],"collection":[{"href":"https:\/\/revistazetta.com\/index.php?rest_route=\/wp\/v2\/posts"}],"about":[{"href":"https:\/\/revistazetta.com\/index.php?rest_route=\/wp\/v2\/types\/post"}],"author":[{"embeddable":true,"href":"https:\/\/revistazetta.com\/index.php?rest_route=\/wp\/v2\/users\/3"}],"replies":[{"embeddable":true,"href":"https:\/\/revistazetta.com\/index.php?rest_route=%2Fwp%2Fv2%2Fcomments&post=8465"}],"version-history":[{"count":0,"href":"https:\/\/revistazetta.com\/index.php?rest_route=\/wp\/v2\/posts\/8465\/revisions"}],"wp:attachment":[{"href":"https:\/\/revistazetta.com\/index.php?rest_route=%2Fwp%2Fv2%2Fmedia&parent=8465"}],"wp:term":[{"taxonomy":"category","embeddable":true,"href":"https:\/\/revistazetta.com\/index.php?rest_route=%2Fwp%2Fv2%2Fcategories&post=8465"},{"taxonomy":"post_tag","embeddable":true,"href":"https:\/\/revistazetta.com\/index.php?rest_route=%2Fwp%2Fv2%2Ftags&post=8465"}],"curies":[{"name":"wp","href":"https:\/\/api.w.org\/{rel}","templated":true}]}}