{"id":8703,"date":"2015-09-10T07:41:44","date_gmt":"2015-09-10T12:41:44","guid":{"rendered":"http:\/\/www.revistazetta.com\/?p=8703"},"modified":"2015-09-10T08:09:28","modified_gmt":"2015-09-10T13:09:28","slug":"orbita-politica-de-john-zamora-jueves-10-de-septiembre","status":"publish","type":"post","link":"https:\/\/revistazetta.com\/?p=8703","title":{"rendered":"\u00d3rbita Pol\u00edtica de John Zamora \u2013 jueves 10 de septiembre"},"content":{"rendered":"<p><strong>La Chiqui le dio el si a Manolo<\/strong><\/p>\n<p>La aspirante al Concejo de Cartagena por el Partido Alianza Social Independiente- ASI , Enith Ramos &#8216;La Chiqui&#8217;, oficializ\u00f3 su adhesi\u00f3n a la campa\u00f1a de Manuel Vicente \u201cManolo\u201d Duque. \u201cDecid\u00ed unirme a Manolo porque considero que es la mejor opci\u00f3n para gobernar esta ciudad en los pr\u00f3ximos cuatro a\u00f1os, \u00e9l es un hombre fresco, descomplicado, que nunca se ha visto envuelto en ning\u00fan tipo de investigaci\u00f3n y creo que adem\u00e1s de su preparaci\u00f3n, esas son las condiciones que se requieren hoy para administrar Cartagena\u201d, dijo la candidata al Concejo Distrital.<\/p>\n<p>Para Manuel Vicente \u201cManolo\u201d Duque , \u2018La Chiqui&#8217; es \u00a0un emblema del periodismo en \u00a0Cartagena. \u201c Hoy hacemos adhesi\u00f3n con una mujer que encarna varias generaciones del periodismo femenino en la ciudad, una mujer que cree en Primero la Gente y que est\u00e1 dispuesta a trabajar por su comunidad\u201d, argument\u00f3 Manolo Duque.<\/p>\n<p>El acto de adhesi\u00f3n se cumpli\u00f3 en el hotel Caribe, y estuvo atestado de periodistas que entusiastas aclamaron a sus f\u00f3rmulas para Alcald\u00eda y Concejo.<\/p>\n<p>&nbsp;<\/p>\n<p><strong>Viene Navarro Wolf<\/strong><\/p>\n<p>El dirigente del partido Alianza Verde Antonio Navarro Wolf vendr\u00e1 a Cartagena este viernes para presidir actos proselitistas con Fabio Castellanos para la Alcald\u00eda y Rosario Ricardo para Gobernaci\u00f3n.<\/p>\n<p>El s\u00e1bado y domingo seguir\u00e1 de gira con Rosario Ricardo para El Carmen, Magangu\u00e9, Cicuco, Talaigua y Mompox.<\/p>\n<p>&nbsp;<\/p>\n<p><strong>Cara a cara Dumek-Yolanda<\/strong><\/p>\n<p>Se esperaba que fuera tenso pero result\u00f3 amable y con respuestas el cara a cara que sostuvieron los candidatos a la Gobernaci\u00f3n Dumek Turbay y Yolanda Wong en una emisora cristiana.<\/p>\n<p>&nbsp;<\/p>\n","protected":false},"excerpt":{"rendered":"<p>La Chiqui le dio el si a Manolo La aspirante al Concejo de Cartagena por el Partido Alianza Social Independiente- ASI , Enith Ramos &#8216;La Chiqui&#8217;, oficializ\u00f3 su adhesi\u00f3n a la campa\u00f1a de Manuel Vicente \u201cManolo\u201d Duque. \u201cDecid\u00ed unirme a Manolo porque considero que es la mejor opci\u00f3n para gobernar esta ciudad en los pr\u00f3ximos cuatro a\u00f1os, \u00e9l es un hombre fresco, descomplicado, que nunca se ha visto envuelto en ning\u00fan tipo de investigaci\u00f3n y creo que adem\u00e1s de su preparaci\u00f3n, esas son las condiciones que se requieren hoy para&#8230; <\/p>\n","protected":false},"author":3,"featured_media":8705,"comment_status":"open","ping_status":"closed","sticky":false,"template":"","format":"standard","meta":{"footnotes":"","_links_to":"","_links_to_target":""},"categories":[47,45],"tags":[],"class_list":["post-8703","post","type-post","status-publish","format-standard","has-post-thumbnail","hentry","category-john-zamora","category-orbita"],"_links":{"self":[{"href":"https:\/\/revistazetta.com\/index.php?rest_route=\/wp\/v2\/posts\/8703","targetHints":{"allow":["GET"]}}],"collection":[{"href":"https:\/\/revistazetta.com\/index.php?rest_route=\/wp\/v2\/posts"}],"about":[{"href":"https:\/\/revistazetta.com\/index.php?rest_route=\/wp\/v2\/types\/post"}],"author":[{"embeddable":true,"href":"https:\/\/revistazetta.com\/index.php?rest_route=\/wp\/v2\/users\/3"}],"replies":[{"embeddable":true,"href":"https:\/\/revistazetta.com\/index.php?rest_route=%2Fwp%2Fv2%2Fcomments&post=8703"}],"version-history":[{"count":0,"href":"https:\/\/revistazetta.com\/index.php?rest_route=\/wp\/v2\/posts\/8703\/revisions"}],"wp:featuredmedia":[{"embeddable":true,"href":"https:\/\/revistazetta.com\/index.php?rest_route=\/wp\/v2\/media\/8705"}],"wp:attachment":[{"href":"https:\/\/revistazetta.com\/index.php?rest_route=%2Fwp%2Fv2%2Fmedia&parent=8703"}],"wp:term":[{"taxonomy":"category","embeddable":true,"href":"https:\/\/revistazetta.com\/index.php?rest_route=%2Fwp%2Fv2%2Fcategories&post=8703"},{"taxonomy":"post_tag","embeddable":true,"href":"https:\/\/revistazetta.com\/index.php?rest_route=%2Fwp%2Fv2%2Ftags&post=8703"}],"curies":[{"name":"wp","href":"https:\/\/api.w.org\/{rel}","templated":true}]}}