{"id":8708,"date":"2015-09-10T08:03:34","date_gmt":"2015-09-10T13:03:34","guid":{"rendered":"http:\/\/www.revistazetta.com\/?p=8708"},"modified":"2015-09-10T08:03:34","modified_gmt":"2015-09-10T13:03:34","slug":"hoy-mas-que-nunca-estoy-firme-por-bolivar-hasta-el-final-rosario-ricardo","status":"publish","type":"post","link":"https:\/\/revistazetta.com\/?p=8708","title":{"rendered":"\u201cHoy m\u00e1s que nunca estoy firme por Bol\u00edvar, hasta el final\u201d: Rosario Ricardo"},"content":{"rendered":"<p>Muy satisfecha con la aceptaci\u00f3n de sus tesis se declar\u00f3 la candidata a la Gobernaci\u00f3n Rosario Ricardo Bray, quien afirm\u00f3 que \u201choy m\u00e1s que nunca estoy firme por Bol\u00edvar, hasta el final\u201d.<\/p>\n<p>En di\u00e1logo con el director de Revista Zetta, John Zamora, la candidata a la Gobernaci\u00f3n se\u00f1al\u00f3 que se siente cada d\u00eda m\u00e1s fortalecida por la respuesta de las comunidades al programa de independencia y transparencia para Bol\u00edvar.<\/p>\n<p>\u201cNuestra fuerza es la gente es un mensaje que me sale del alma y que le llega a todos los bolivarenses que creen que podemos cambiar la historia del departamento\u201d, expres\u00f3.<\/p>\n<p>Record\u00f3 que fueron 250 mil firmas y 279 foros los que cimentaron la base popular y program\u00e1tica del movimiento Firme por Bol\u00edvar, lo que le vali\u00f3 el reconocimiento de los partidos Alianza Verde y Centro Democr\u00e1tico a su valent\u00eda e independencia, en especial por su llamado a liberar a Bol\u00edvar los financistas oscuros.<\/p>\n<p>Reiter\u00f3 que encabeza un movimiento independiente pero incluyente tambi\u00e9n, y que tiene las puertas abiertas a todos aquellos que compartan estos postulados.<\/p>\n<p>Descart\u00f3 de plano que tenga acercamientos con otras campa\u00f1as, y que su candidatura es indeclinable.<\/p>\n<p>La candidata prepara una intensa actividad este fin de semana, con la visita del dirigente de la Alianza Verde Antonio Navarro Wolf, con quien estar\u00e1 de correr\u00eda en Cartagena, Magangue, El Carmen, Cicuco, Talaigua y Mompox.<\/p>\n","protected":false},"excerpt":{"rendered":"<p>Muy satisfecha con la aceptaci\u00f3n de sus tesis se declar\u00f3 la candidata a la Gobernaci\u00f3n Rosario Ricardo Bray, quien afirm\u00f3 que \u201choy m\u00e1s que nunca estoy firme por Bol\u00edvar, hasta el final\u201d. En di\u00e1logo con el director de Revista Zetta, John Zamora, la candidata a la Gobernaci\u00f3n se\u00f1al\u00f3 que se siente cada d\u00eda m\u00e1s fortalecida por la respuesta de las comunidades al programa de independencia y transparencia para Bol\u00edvar. \u201cNuestra fuerza es la gente es un mensaje que me sale del alma y que le llega a todos los bolivarenses&#8230; <\/p>\n","protected":false},"author":3,"featured_media":0,"comment_status":"open","ping_status":"closed","sticky":false,"template":"","format":"standard","meta":{"footnotes":"","_links_to":"","_links_to_target":""},"categories":[30,4],"tags":[],"class_list":["post-8708","post","type-post","status-publish","format-standard","hentry","category-politica-entrevistas","category-politica"],"_links":{"self":[{"href":"https:\/\/revistazetta.com\/index.php?rest_route=\/wp\/v2\/posts\/8708","targetHints":{"allow":["GET"]}}],"collection":[{"href":"https:\/\/revistazetta.com\/index.php?rest_route=\/wp\/v2\/posts"}],"about":[{"href":"https:\/\/revistazetta.com\/index.php?rest_route=\/wp\/v2\/types\/post"}],"author":[{"embeddable":true,"href":"https:\/\/revistazetta.com\/index.php?rest_route=\/wp\/v2\/users\/3"}],"replies":[{"embeddable":true,"href":"https:\/\/revistazetta.com\/index.php?rest_route=%2Fwp%2Fv2%2Fcomments&post=8708"}],"version-history":[{"count":0,"href":"https:\/\/revistazetta.com\/index.php?rest_route=\/wp\/v2\/posts\/8708\/revisions"}],"wp:attachment":[{"href":"https:\/\/revistazetta.com\/index.php?rest_route=%2Fwp%2Fv2%2Fmedia&parent=8708"}],"wp:term":[{"taxonomy":"category","embeddable":true,"href":"https:\/\/revistazetta.com\/index.php?rest_route=%2Fwp%2Fv2%2Fcategories&post=8708"},{"taxonomy":"post_tag","embeddable":true,"href":"https:\/\/revistazetta.com\/index.php?rest_route=%2Fwp%2Fv2%2Ftags&post=8708"}],"curies":[{"name":"wp","href":"https:\/\/api.w.org\/{rel}","templated":true}]}}