{"id":8714,"date":"2015-09-11T06:29:41","date_gmt":"2015-09-11T11:29:41","guid":{"rendered":"http:\/\/www.revistazetta.com\/?p=8714"},"modified":"2015-09-11T06:37:01","modified_gmt":"2015-09-11T11:37:01","slug":"la-evolucion-de-las-transacciones-electronicas-en-colombia","status":"publish","type":"post","link":"https:\/\/revistazetta.com\/?p=8714","title":{"rendered":"La evoluci\u00f3n de las transacciones electr\u00f3nicas en Colombia"},"content":{"rendered":"<p>En el marco de los 100 a\u00f1os de la C\u00e1mara de Comercio de Cartagena, se realizar\u00e1 el pr\u00f3ximo viernes 18 de septiembre, en el sal\u00f3n Daniel Lemaitre, en la sede centro de la entidad gremial, el conversatorio \u201cLa Evoluci\u00f3n de las Transacciones Electr\u00f3nicas en Colombia\u201d, dirigido a empresarios con el fin de facilitar las operaciones financieras que realicen las peque\u00f1as y medianas empresas de la jurisdicci\u00f3n por este canal.<\/p>\n<p>El presidente de ACH Colombia, Gustavo Vega, explic\u00f3\u00a0 que \u201cla compa\u00f1\u00eda provee la plataforma para las transferencias interbancarias, el bot\u00f3n de pagos PSE y el portal SOI para la liquidaci\u00f3n de aportes a seguridad social, y se hacen mensualmente m\u00e1s de 12 millones de transacciones a nivel nacional\u201d.<\/p>\n<p>As\u00ed mismo, la compa\u00f1\u00eda ampliar\u00e1 los servicios del SOI, con lo cual se podr\u00e1n efectuar pagos complementarios como pensiones voluntarias, cuentas AFC y libranzas.<\/p>\n<p>La presidente de la C\u00e1mara de Comercio de Cartagena, Mar\u00eda Claudia P\u00e1ez, asegur\u00f3 que \u201cpara la entidad gremial y todos los empresarios de la regi\u00f3n es muy importante este tipo de eventos acad\u00e9micos que le apuntan a que las empresas de la regi\u00f3n puedan estar a la vanguardia en transacciones electr\u00f3nicas, \u00a0que le pueden generar al empresariado una mayor productividad y crecimiento, as\u00ed como la apertura de nuevos mercados\u201d.<\/p>\n<p>\u201cPara la C\u00e1mara de Comercio de Cartagena es muy importante inculcar un tema de educaci\u00f3n y responsabilidad financiera a todos los empresarios de la jurisdicci\u00f3n\u201d, asegur\u00f3 la dirigente gremial.<\/p>\n<p>Los avances de Colombia en materia de inclusi\u00f3n financiera en los \u00faltimos a\u00f1os son evidentes, pero la asignatura pendiente sigue siendo reducir el uso del efectivo. Si bien el 69% del monto de dinero que mueve la econom\u00eda en un mes se hace por v\u00eda electr\u00f3nica, lo cierto es que s\u00f3lo el 10% del n\u00famero de pagos son en dichos canales.<\/p>\n<p>Seg\u00fan estad\u00edsticas en Colombia los pagos electr\u00f3nicos tan solo representan el 10% de las compras, mientras que en pa\u00edses como Chile ese porcentaje llega al 25% y en Brasil alcanza el 30%.<\/p>\n<p>Durante esta jornada se contar\u00e1 con el presidente de ACH Colombia, Gustavo Vega, que hablar\u00e1 sobre evoluci\u00f3n del comercio electr\u00f3nico en Colombia y lo que la empresa hace al servicio del sector empresarial.<\/p>\n","protected":false},"excerpt":{"rendered":"<p>En el marco de los 100 a\u00f1os de la C\u00e1mara de Comercio de Cartagena, se realizar\u00e1 el pr\u00f3ximo viernes 18 de septiembre, en el sal\u00f3n Daniel Lemaitre, en la sede centro de la entidad gremial, el conversatorio \u201cLa Evoluci\u00f3n de las Transacciones Electr\u00f3nicas en Colombia\u201d, dirigido a empresarios con el fin de facilitar las operaciones financieras que realicen las peque\u00f1as y medianas empresas de la jurisdicci\u00f3n por este canal. El presidente de ACH Colombia, Gustavo Vega, explic\u00f3\u00a0 que \u201cla compa\u00f1\u00eda provee la plataforma para las transferencias interbancarias, el bot\u00f3n de&#8230; <\/p>\n","protected":false},"author":3,"featured_media":0,"comment_status":"open","ping_status":"closed","sticky":false,"template":"","format":"standard","meta":{"footnotes":"","_links_to":"","_links_to_target":""},"categories":[3,50],"tags":[],"class_list":["post-8714","post","type-post","status-publish","format-standard","hentry","category-ciudad","category-empresa"],"_links":{"self":[{"href":"https:\/\/revistazetta.com\/index.php?rest_route=\/wp\/v2\/posts\/8714","targetHints":{"allow":["GET"]}}],"collection":[{"href":"https:\/\/revistazetta.com\/index.php?rest_route=\/wp\/v2\/posts"}],"about":[{"href":"https:\/\/revistazetta.com\/index.php?rest_route=\/wp\/v2\/types\/post"}],"author":[{"embeddable":true,"href":"https:\/\/revistazetta.com\/index.php?rest_route=\/wp\/v2\/users\/3"}],"replies":[{"embeddable":true,"href":"https:\/\/revistazetta.com\/index.php?rest_route=%2Fwp%2Fv2%2Fcomments&post=8714"}],"version-history":[{"count":0,"href":"https:\/\/revistazetta.com\/index.php?rest_route=\/wp\/v2\/posts\/8714\/revisions"}],"wp:attachment":[{"href":"https:\/\/revistazetta.com\/index.php?rest_route=%2Fwp%2Fv2%2Fmedia&parent=8714"}],"wp:term":[{"taxonomy":"category","embeddable":true,"href":"https:\/\/revistazetta.com\/index.php?rest_route=%2Fwp%2Fv2%2Fcategories&post=8714"},{"taxonomy":"post_tag","embeddable":true,"href":"https:\/\/revistazetta.com\/index.php?rest_route=%2Fwp%2Fv2%2Ftags&post=8714"}],"curies":[{"name":"wp","href":"https:\/\/api.w.org\/{rel}","templated":true}]}}