{"id":8717,"date":"2015-09-11T06:33:29","date_gmt":"2015-09-11T11:33:29","guid":{"rendered":"http:\/\/www.revistazetta.com\/?p=8717"},"modified":"2015-09-11T06:33:29","modified_gmt":"2015-09-11T11:33:29","slug":"mello-otoya-dice-que-cd-tendra-cinco-concejales-y-propone-alianza-en-torno-a-gina","status":"publish","type":"post","link":"https:\/\/revistazetta.com\/?p=8717","title":{"rendered":"Mello Otoya dice que CD tendr\u00e1 cinco concejales y propone alianza en torno a Gina"},"content":{"rendered":"<p>Los c\u00e1lculos electorales del Mello Otoya son as\u00ed: el Centro Democr\u00e1tico obtendr\u00e1 cinco curules.<\/p>\n<p>El guarismo se basa en tres componentes: uno, la disciplina del uribismo, demostrada en elecciones a Congreso y Presidencia donde hay una constante de 60 mil militantes; dos, la inconformidad ciudadana con el manejo de lo p\u00fablico y, tres, los simpatizantes que tenga cada miembro de la lista.<\/p>\n<p>As\u00ed las cosas, los concejales del uribismo ser\u00edan Luis Guillermo Otoya, Piedad Julio, Minerva Romero, Gabriel Arango Bacci y Jairo Berr\u00edo Villareal.<\/p>\n<p>Otoya asegura que el trabajo desplegado en los barrios y escenarios comunitarios en coordinaci\u00f3n con la candidata a la Alcald\u00eda Gina Benedetti, as\u00ed como los 27 candidatos a Juntas Administradoras Locales, les permiten considerar tal respaldo electoral.<\/p>\n<p>Dice que ser\u00e1 una bancada ejemplar, similar a la que tiene el Centro Democr\u00e1tico en el Congreso, con absoluta responsabilidad, puntualidad e iniciativa, y que se distinguir\u00e1 por el verdadero control pol\u00edtico. \u201cVamos a exigir que el Concejo trabaje, que haga la tarea, que se ganen la plata que les paga la ciudad\u201d. Aclara que en el Concejo hay gente buena pero \u201cla manigua no los deja\u201d.<\/p>\n<p>En ese sentido, el Centro Democr\u00e1tico dar\u00e1 ejemplo al hacerle control a los funcionarios de la alcaldesa Benedetti.<\/p>\n<p>Expresa que no se repetir\u00e1 el espect\u00e1culo de funcionarios que se burlan del Concejo, a sabiendas que las citaciones podr\u00e1n ser eludidas. \u201cA esos funcionarios hay que denunciarlos en la Procuradur\u00eda\u201d.<\/p>\n<p>Indica que la renovaci\u00f3n del Concejo ser\u00e1 un reflejo tambi\u00e9n de la inconformidad ciudadana con el actual manejo de la administraci\u00f3n p\u00fablica, la que considera est\u00e1 secuestrada por una mafia perversa politiquera, que pretende volver a elegirse para seguir haciendo lo mismo.<\/p>\n<p>\u201cLa bancada de Centro Democr\u00e1tico ser\u00e1 la muralla que defienda a la ciudad mejor que cuando se defendi\u00f3 en el sitio de Murillo\u201d, afirma.<\/p>\n<p>Agrega que \u201cCartagena no se puede equivocar, y por eso Gina Benedetti es la candidata de la decencia, es la que tiene la experiencia, conocimiento y condiciones para iniciar una transformaci\u00f3n profunda de la ciudad.<\/p>\n<p>Al Mello no le cabe duda que si la ciudad elige a Quinto Guerra o de Manolo Duque, quedar\u00e1 en manos de politiqueros y financistas.<\/p>\n<p>Descarta cualquier alianza con ellos. \u201cLa \u00fanica alianza que veo posible es con el se\u00f1or Betancourt, pero que entienda que no es su momento y que el espacio para ser alcalde tiene que gan\u00e1rselo porque \u00e9l todav\u00eda le debe a la ciudad.<\/p>\n<p>\u201cEntonces Betancourt debe unirse a Gina y Gina ser la Alcaldesa, y despu\u00e9s de eso viene una avalancha y hay con qu\u00e9 pelear la Alcald\u00eda\u201d.<\/p>\n<p>En esa hipot\u00e9tica alianza considera que pueden estar William Garc\u00eda Tirado, Fabio Castellanos, Reinaldo Manjarrez y Rosario Romero. \u201cGina est\u00e1 creciendo vertiginosamente, es la mejor candidata\u201d, anota y agrega que ella \u201crepresenta la decencia y el verdadero inter\u00e9s por la ciudad, sin financistas oscuros atr\u00e1s\u201d.<\/p>\n<p>\u201cCreo que Gina Benedetti y Rosario Ricardo son el d\u00fao que deben gobernar a Cartagena y Bol\u00edvar\u201d, puntualiza.<\/p>\n","protected":false},"excerpt":{"rendered":"<p>Los c\u00e1lculos electorales del Mello Otoya son as\u00ed: el Centro Democr\u00e1tico obtendr\u00e1 cinco curules. El guarismo se basa en tres componentes: uno, la disciplina del uribismo, demostrada en elecciones a Congreso y Presidencia donde hay una constante de 60 mil militantes; dos, la inconformidad ciudadana con el manejo de lo p\u00fablico y, tres, los simpatizantes que tenga cada miembro de la lista. As\u00ed las cosas, los concejales del uribismo ser\u00edan Luis Guillermo Otoya, Piedad Julio, Minerva Romero, Gabriel Arango Bacci y Jairo Berr\u00edo Villareal. Otoya asegura que el trabajo desplegado&#8230; <\/p>\n","protected":false},"author":3,"featured_media":8718,"comment_status":"open","ping_status":"closed","sticky":false,"template":"","format":"standard","meta":{"footnotes":"","_links_to":"","_links_to_target":""},"categories":[30,4],"tags":[],"class_list":["post-8717","post","type-post","status-publish","format-standard","has-post-thumbnail","hentry","category-politica-entrevistas","category-politica"],"_links":{"self":[{"href":"https:\/\/revistazetta.com\/index.php?rest_route=\/wp\/v2\/posts\/8717","targetHints":{"allow":["GET"]}}],"collection":[{"href":"https:\/\/revistazetta.com\/index.php?rest_route=\/wp\/v2\/posts"}],"about":[{"href":"https:\/\/revistazetta.com\/index.php?rest_route=\/wp\/v2\/types\/post"}],"author":[{"embeddable":true,"href":"https:\/\/revistazetta.com\/index.php?rest_route=\/wp\/v2\/users\/3"}],"replies":[{"embeddable":true,"href":"https:\/\/revistazetta.com\/index.php?rest_route=%2Fwp%2Fv2%2Fcomments&post=8717"}],"version-history":[{"count":0,"href":"https:\/\/revistazetta.com\/index.php?rest_route=\/wp\/v2\/posts\/8717\/revisions"}],"wp:featuredmedia":[{"embeddable":true,"href":"https:\/\/revistazetta.com\/index.php?rest_route=\/wp\/v2\/media\/8718"}],"wp:attachment":[{"href":"https:\/\/revistazetta.com\/index.php?rest_route=%2Fwp%2Fv2%2Fmedia&parent=8717"}],"wp:term":[{"taxonomy":"category","embeddable":true,"href":"https:\/\/revistazetta.com\/index.php?rest_route=%2Fwp%2Fv2%2Fcategories&post=8717"},{"taxonomy":"post_tag","embeddable":true,"href":"https:\/\/revistazetta.com\/index.php?rest_route=%2Fwp%2Fv2%2Ftags&post=8717"}],"curies":[{"name":"wp","href":"https:\/\/api.w.org\/{rel}","templated":true}]}}