{"id":8720,"date":"2015-09-11T06:35:53","date_gmt":"2015-09-11T11:35:53","guid":{"rendered":"http:\/\/www.revistazetta.com\/?p=8720"},"modified":"2015-09-11T06:35:53","modified_gmt":"2015-09-11T11:35:53","slug":"un-ausente-y-siete-divergentes","status":"publish","type":"post","link":"https:\/\/revistazetta.com\/?p=8720","title":{"rendered":"Un ausente y siete divergentes"},"content":{"rendered":"<p>La primera gran cita con los ocho candidatos a la Alcald\u00eda de Cartagena solo tuvo a siete, pues Manolo Duque se excus\u00f3 y sin decir ni m\u00fa hizo reventar las redes sociales con comentarios de todo tipo, mientras que el debate cumpli\u00f3 con el prop\u00f3sito de diferenciar propuestas y talantes.<\/p>\n<p>El auditorio de derecho de la Universidad del Sin\u00fa result\u00f3 insuficiente para albergar a todos los interesados, entre ellos algunos \u201ccomit\u00e9s de aplausos\u201d, en el debate \u00abDerechos Humanos y Grupos Poblacionales\u00bb promovido por la Alianza Cartagena Propone, de la que hacen parte Neomedios y Revista Zetta.<\/p>\n<p>La metodolog\u00eda adoptada tuvo la virtud de pretender el orden, pero impidi\u00f3 m\u00e1s contraste de ideas por la limitaci\u00f3n del tiempo, por casi tres horas entre los candidatos Antonio Quinto Guerra Varela (Partido Conservador), Gina Benedetti (Centro Democr\u00e1tico), Reinaldo Manjarrez (Uni\u00f3n Patri\u00f3tica), Rosario Romero (Partido AICO), Andr\u00e9s Betancourt (Movimiento Cartagena Confirma), William Garc\u00eda (Movimiento Todo por Cartagena) y Fabio Castellanos (Alianza Verde).<\/p>\n<p>La tem\u00e1tica tambi\u00e9n result\u00f3 variopinta, como sus propuestas de garant\u00eda y exigibilidad de derechos de menores, mujeres, afro descendientes, LGBTI, adultos mayores y otros grupos poblacionales.<\/p>\n<p>Ello no fue impedimento para que saltaran al ruedo otros temas, como la cultura, ambiente, Transcaribe, Acuacar, inseguridad, hacienda, pandillas, educaci\u00f3n o v\u00edas, entre otros.<\/p>\n<p>El moderador del debate fue el periodista Alberto Mart\u00ednez Monterrosa, acompa\u00f1ado por Rosaura Arrieta, docente e investigadora de la Universidad de Cartagena,\u00a0y Wilson Casta\u00f1eda director de Caribe Afirmativo.<\/p>\n<p>&nbsp;<\/p>\n<p><strong>C\u00f3mo los vimos<\/strong><\/p>\n<p>Quinto Guerra: Reposado y explicativo. Tres periodos en el Concejo le dan bagaje para asumir todos los temas tratados.<\/p>\n<p>Andr\u00e9s Betancourt: Esquem\u00e1tico y sustentado. Dos periodos en el Concejo le dan bagaje para asumir todos los temas tratados.<\/p>\n<p>Gina Benedett: Centrada en su libreto. Los cortos tiempos le impidieron expresarse mejor.<\/p>\n<p>William Garc\u00eda Tirado: Agua gratis. Agua gratis. Agua gratis. Supo sobrellevar los temas y meter su mensaje.<\/p>\n<p>Fabio Castellanos: Punzante y deliberante, por momentos excedido de revoluciones.<\/p>\n<p>Reinaldo Manjarrez: sin pelos en la lengua, como cuando habl\u00f3 de Alfonso Hilsaca en Cardique y Sandra Villadiego en el IPCC.<\/p>\n<p>Rosario Romero: 500 mil \u00e1rboles en cada a\u00f1o de gobierno, para 2 millones en total.<\/p>\n<p>&nbsp;<\/p>\n<p><strong>Lo que dijeron al final<\/strong><\/p>\n<p>Gina Benedetti: Muy buena iniciativa, pero me gustar\u00eda contar con m\u00e1s tiempo para plantear ideas y contrastarlas. Por ejemplo, la propuesta de agua gratis de William Garc\u00eda se aplica en otras ciudades donde son propietarios totales, pero aqu\u00ed en Cartagena hay otros socios. Yo no traje \u201ccomit\u00e9 de aplausos\u201d, pero me gust\u00f3 que muchos j\u00f3venes se acercaran a felicitarme. Qued\u00f3 claro el mensaje que Gina Benedetti es la alcaldesa que va a acabar con la corrupci\u00f3n en Cartagena.<\/p>\n<p>&nbsp;<\/p>\n<p>Quinto Guerra: Es un debate muy importante, asistir\u00e9 a todos los debates que me inviten. Lamento que alg\u00fan candidato (Manolo Duque) no haya comparecido y que no se le conozcan sus propuestas y las soluciones a los problemas de la ciudad. Espero que estos debates ayuden a que la juventud participe con m\u00e1s entusiasmo en las elecciones, pues aqu\u00ed tuvimos la oportunidad de discernir, de mostrar en qu\u00e9 estamos de acuerdo y en qu\u00e9 diferimos, pero si cuestiono el ausentismo.<\/p>\n<p>&nbsp;<\/p>\n<p>Fabio Castellanos: Qued\u00f3 claro que soy el candidato mejor preparado, con mayor experiencia en lo p\u00fablico, que tiene claridad frente a los problemas de la ciudad, por mi historia pol\u00edtica, administrativa por mi compromiso social, la gente entiende que hay que cambiar el modelo de desarrollo, pasar del cemento al desarrollo humano.<\/p>\n<p>&nbsp;<\/p>\n<p>Andr\u00e9s Betancourt: Soy el candidato que genera m\u00e1s confianza y el que tiene la capacidad para gobernar. Estos debates permiten que la gente vea qui\u00e9n es cada candidato, cu\u00e1les son nuestras ideas y propuestas.<\/p>\n<p>&nbsp;<\/p>\n<p>William Garc\u00eda Tirado: son espacios de la democracia, una gran oportunidad para presentarle ideas a los universitarios. Lamento que alguna campa\u00f1a no haya respetado el cupo y haya tra\u00eddo \u201ccomit\u00e9 de aplausos\u201d. Puede explicar mis propuestas, como el agua gratis m\u00ednimo vital para estratos 1, 2 y 3.<\/p>\n","protected":false},"excerpt":{"rendered":"<p>La primera gran cita con los ocho candidatos a la Alcald\u00eda de Cartagena solo tuvo a siete, pues Manolo Duque se excus\u00f3 y sin decir ni m\u00fa hizo reventar las redes sociales con comentarios de todo tipo, mientras que el debate cumpli\u00f3 con el prop\u00f3sito de diferenciar propuestas y talantes. El auditorio de derecho de la Universidad del Sin\u00fa result\u00f3 insuficiente para albergar a todos los interesados, entre ellos algunos \u201ccomit\u00e9s de aplausos\u201d, en el debate \u00abDerechos Humanos y Grupos Poblacionales\u00bb promovido por la Alianza Cartagena Propone, de la que&#8230; <\/p>\n","protected":false},"author":3,"featured_media":8721,"comment_status":"open","ping_status":"closed","sticky":false,"template":"","format":"standard","meta":{"footnotes":"","_links_to":"","_links_to_target":""},"categories":[26,4],"tags":[],"class_list":["post-8720","post","type-post","status-publish","format-standard","has-post-thumbnail","hentry","category-politica-noticias","category-politica"],"_links":{"self":[{"href":"https:\/\/revistazetta.com\/index.php?rest_route=\/wp\/v2\/posts\/8720","targetHints":{"allow":["GET"]}}],"collection":[{"href":"https:\/\/revistazetta.com\/index.php?rest_route=\/wp\/v2\/posts"}],"about":[{"href":"https:\/\/revistazetta.com\/index.php?rest_route=\/wp\/v2\/types\/post"}],"author":[{"embeddable":true,"href":"https:\/\/revistazetta.com\/index.php?rest_route=\/wp\/v2\/users\/3"}],"replies":[{"embeddable":true,"href":"https:\/\/revistazetta.com\/index.php?rest_route=%2Fwp%2Fv2%2Fcomments&post=8720"}],"version-history":[{"count":0,"href":"https:\/\/revistazetta.com\/index.php?rest_route=\/wp\/v2\/posts\/8720\/revisions"}],"wp:featuredmedia":[{"embeddable":true,"href":"https:\/\/revistazetta.com\/index.php?rest_route=\/wp\/v2\/media\/8721"}],"wp:attachment":[{"href":"https:\/\/revistazetta.com\/index.php?rest_route=%2Fwp%2Fv2%2Fmedia&parent=8720"}],"wp:term":[{"taxonomy":"category","embeddable":true,"href":"https:\/\/revistazetta.com\/index.php?rest_route=%2Fwp%2Fv2%2Fcategories&post=8720"},{"taxonomy":"post_tag","embeddable":true,"href":"https:\/\/revistazetta.com\/index.php?rest_route=%2Fwp%2Fv2%2Ftags&post=8720"}],"curies":[{"name":"wp","href":"https:\/\/api.w.org\/{rel}","templated":true}]}}